{"id":245,"date":"2018-06-22T08:18:10","date_gmt":"2018-06-22T08:18:10","guid":{"rendered":"http:\/\/www.regaluxiluminacion.com\/blog\/?p=245"},"modified":"2018-07-04T07:40:48","modified_gmt":"2018-07-04T07:40:48","slug":"eligir-un-ventilador-de-techo","status":"publish","type":"post","link":"https:\/\/www.regaluxiluminacion.com\/blog\/eligir-un-ventilador-de-techo\/","title":{"rendered":"Eligir un ventilador de techo"},"content":{"rendered":"<h2>Si, ya ha llegado el calor, y es ahora cuando nos acordamos que necesitamos una manera de refrescar la casa para sobrevivir al verano sin derretirnos. Los ventiladores son la opci\u00f3n m\u00e1s ecol\u00f3gica y econ\u00f3mica, \u00bfCu\u00e1l elegir? Pues depende de algunos factores.<\/h2>\n<p>Ten en cuenta que usando un ventilador en combinaci\u00f3n con aire acondicionado (por ejemplo se pone una hora el aire acondicionado, se apaga y cuando la casa est\u00e1 fresquita usas el ventilador) puedes ahorrar hasta un 40% en electricidad. Un ventilador en velocidad baja consume unos 15w y a m\u00e1xima velocidad unos 100 w lo que una bombilla.<\/p>\n<h3><strong>El tama\u00f1o de la\u00a0 habitaci\u00f3n<\/strong><\/h3>\n<p>A mayor tama\u00f1o el ventilador ha de ser m\u00e1s grande aunque tambi\u00e9n puedes usar dos ventiladores \u00a0en una misma habitaci\u00f3n. Normalmente se sit\u00faan en el centro de la habitaci\u00f3n, o si pones dos ventiladores<strong>\u00a0tratar que est\u00e9n alineados.<\/strong><\/p>\n<p>Para habitaciones peque\u00f1as tipo 3\u00d73 como, cocinas peque\u00f1as o vestidores es adecuado el uso de\u00a0\u00a0<strong>ventiladores de 30\u201d pulgadas o unos 76 cm.<\/strong><\/p>\n<p>Para habitaciones de tipo medio o 4\u00d74 necesitamos un ventilador mayor. Lo ideal es uno de 107 cm una 42\u201d.<br \/>\nPara salones o lugares grandes se recomienda un ventilador a partir de 132 cm o desde 52\u201d en adelante.<\/p>\n<h3>La altura del techo<\/h3>\n<p>La altura recomendada para instalar un ventilador de techo son unos 2,40 metros . Si tu techo es mayor\u00a0<strong>puedes usar un tubo prolongador.<\/strong>\u00a0Si tu techo es m\u00e1s bajito puedes optar por ventiladores de tama\u00f1o peque\u00f1o y lo m\u00e1s \u201cplanos\u201d posibles, busca un color similar al del techo de esta forma pasar\u00e1 desapercibido.<\/p>\n<h3><span id=\"El_numero_de_palas_o_aspas_del_ventilador\">El n\u00famero de palas o aspas del ventilador<\/span><\/h3>\n<p>Los tienes de\u00a0 dos, tres, de cuatro, de cinco incluso de 6 o m\u00e1s aspas. \u00bfInfluye el n\u00famero de palas en su rendimiento?<strong>\u00a0En este caso menos es m\u00e1s, 3 palas<\/strong>\u00a0o aspas dan mas aire que si lleva 6, aunque la mayor\u00eda de los que vas a encontrar son de 4 aspas, mejor de 4 que de 6.<\/p>\n<p><a href=\"http:\/\/www.regaluxiluminacion.com\/blog\/wp-content\/uploads\/2018\/06\/leds-c4-stem-30-6145-81-93-ventilador-techo-madera-clara-iluminacion-coben-1.1500286568.jpg\"><img loading=\"lazy\" decoding=\"async\" class=\"alignnone wp-image-247\" title=\"Ventilador de techo Regalux Iluminaci\u00f3n\" src=\"http:\/\/www.regaluxiluminacion.com\/blog\/wp-content\/uploads\/2018\/06\/leds-c4-stem-30-6145-81-93-ventilador-techo-madera-clara-iluminacion-coben-1.1500286568-800x1024.jpg\" alt=\"Ventilador de techo Regalux Iluminaci\u00f3n\" width=\"446\" height=\"571\" srcset=\"https:\/\/www.regaluxiluminacion.com\/blog\/wp-content\/uploads\/2018\/06\/leds-c4-stem-30-6145-81-93-ventilador-techo-madera-clara-iluminacion-coben-1.1500286568-800x1024.jpg 800w, https:\/\/www.regaluxiluminacion.com\/blog\/wp-content\/uploads\/2018\/06\/leds-c4-stem-30-6145-81-93-ventilador-techo-madera-clara-iluminacion-coben-1.1500286568-600x768.jpg 600w, https:\/\/www.regaluxiluminacion.com\/blog\/wp-content\/uploads\/2018\/06\/leds-c4-stem-30-6145-81-93-ventilador-techo-madera-clara-iluminacion-coben-1.1500286568-235x300.jpg 235w, https:\/\/www.regaluxiluminacion.com\/blog\/wp-content\/uploads\/2018\/06\/leds-c4-stem-30-6145-81-93-ventilador-techo-madera-clara-iluminacion-coben-1.1500286568-768x983.jpg 768w, https:\/\/www.regaluxiluminacion.com\/blog\/wp-content\/uploads\/2018\/06\/leds-c4-stem-30-6145-81-93-ventilador-techo-madera-clara-iluminacion-coben-1.1500286568.jpg 938w\" sizes=\"(max-width: 446px) 100vw, 446px\" \/><\/a><\/p>\n<p><strong>Otro par\u00e1metro a tener en cuenta es la longitud de las palas<\/strong>\u00a0cuanto m\u00e1s grandes m\u00e1s lejos impulsar\u00e1n el aire. La medida que se recomienda est\u00e1 entre 100 y 150 cm y lo mas habitual es encontrarse ventiladores de palas con 120-130 cm. La potencia m\u00e1s com\u00fan son 60 w.<\/p>\n<h3><span id=\"Ventiladores_de_techo_con_luz_incorporada\">Ventiladores de techo con luz incorporada<\/span><\/h3>\n<p>Ventilador + l\u00e1mpara es la mejor opci\u00f3n ya que de esta forma aprovechas mejor el espacio, puedes usar luz y ventilador de forma conjunta o de forma separada.<\/p>\n<p><a href=\"http:\/\/www.regaluxiluminacion.com\/blog\/wp-content\/uploads\/2018\/06\/Instagram-ventilador.jpg\"><img loading=\"lazy\" decoding=\"async\" class=\"alignnone wp-image-246\" title=\"Ventilador de techo Regalux Iluminaci\u00f3n\" src=\"http:\/\/www.regaluxiluminacion.com\/blog\/wp-content\/uploads\/2018\/06\/Instagram-ventilador-979x1024.jpg\" alt=\"Ventilador de techo Regalux Iluminaci\u00f3n\" width=\"439\" height=\"459\" srcset=\"https:\/\/www.regaluxiluminacion.com\/blog\/wp-content\/uploads\/2018\/06\/Instagram-ventilador-979x1024.jpg 979w, https:\/\/www.regaluxiluminacion.com\/blog\/wp-content\/uploads\/2018\/06\/Instagram-ventilador-600x628.jpg 600w, https:\/\/www.regaluxiluminacion.com\/blog\/wp-content\/uploads\/2018\/06\/Instagram-ventilador-287x300.jpg 287w, https:\/\/www.regaluxiluminacion.com\/blog\/wp-content\/uploads\/2018\/06\/Instagram-ventilador-768x804.jpg 768w, https:\/\/www.regaluxiluminacion.com\/blog\/wp-content\/uploads\/2018\/06\/Instagram-ventilador.jpg 1080w\" sizes=\"(max-width: 439px) 100vw, 439px\" \/><\/a><\/p>\n<h3><span id=\"Diseno_ventiladores_de_techo\">Dise\u00f1o ventiladores de techo<\/span><\/h3>\n<p><strong>Los tienes met\u00e1licos, en blanco, en acabado madera<\/strong>. Y adem\u00e1s en diferentes estilos, desde los mas cl\u00e1sicos hasta los mas modernos de dise\u00f1os exclusivos.<\/p>\n<p><a href=\"http:\/\/www.regaluxiluminacion.com\/blog\/wp-content\/uploads\/2018\/06\/ventiladores-de-techo-borneo-leds-c4-marron-silencioso-ventilador.jpg\"><img loading=\"lazy\" decoding=\"async\" class=\"alignnone wp-image-249\" src=\"http:\/\/www.regaluxiluminacion.com\/blog\/wp-content\/uploads\/2018\/06\/ventiladores-de-techo-borneo-leds-c4-marron-silencioso-ventilador.jpg\" alt=\"\" width=\"363\" height=\"425\" srcset=\"https:\/\/www.regaluxiluminacion.com\/blog\/wp-content\/uploads\/2018\/06\/ventiladores-de-techo-borneo-leds-c4-marron-silencioso-ventilador.jpg 800w, https:\/\/www.regaluxiluminacion.com\/blog\/wp-content\/uploads\/2018\/06\/ventiladores-de-techo-borneo-leds-c4-marron-silencioso-ventilador-600x702.jpg 600w, https:\/\/www.regaluxiluminacion.com\/blog\/wp-content\/uploads\/2018\/06\/ventiladores-de-techo-borneo-leds-c4-marron-silencioso-ventilador-256x300.jpg 256w, https:\/\/www.regaluxiluminacion.com\/blog\/wp-content\/uploads\/2018\/06\/ventiladores-de-techo-borneo-leds-c4-marron-silencioso-ventilador-768x899.jpg 768w\" sizes=\"(max-width: 363px) 100vw, 363px\" \/><\/a><\/p>\n","protected":false},"excerpt":{"rendered":"<p>Si, ya ha llegado el calor, y es ahora cuando nos acordamos que necesitamos una manera de refrescar la casa para sobrevivir al verano sin derretirnos. Los ventiladores son la opci\u00f3n m\u00e1s ecol\u00f3gica y econ\u00f3mica, \u00bfCu\u00e1l elegir? Pues depende de algunos factores. Ten en cuenta que usando un ventilador en combinaci\u00f3n con aire acondicionado (por [&hellip;]<\/p>\n","protected":false},"author":1,"featured_media":250,"comment_status":"closed","ping_status":"open","sticky":false,"template":"","format":"standard","meta":{"_et_pb_use_builder":"","_et_pb_old_content":"","_et_gb_content_width":"","_jetpack_memberships_contains_paid_content":false,"_joinchat":[],"footnotes":""},"categories":[1],"tags":[15],"class_list":["post-245","post","type-post","status-publish","format-standard","has-post-thumbnail","hentry","category-iluminacion","tag-ventiladores-de-techo"],"jetpack_featured_media_url":"https:\/\/www.regaluxiluminacion.com\/blog\/wp-content\/uploads\/2018\/06\/leds-c4-vera-30-5681-cf-f9-ventilador-de-techo-blanco-con-luz-iluminacion-coben-regalux-iluminaci\u00f3n.jpg","jetpack_sharing_enabled":true,"_links":{"self":[{"href":"https:\/\/www.regaluxiluminacion.com\/blog\/wp-json\/wp\/v2\/posts\/245","targetHints":{"allow":["GET"]}}],"collection":[{"href":"https:\/\/www.regaluxiluminacion.com\/blog\/wp-json\/wp\/v2\/posts"}],"about":[{"href":"https:\/\/www.regaluxiluminacion.com\/blog\/wp-json\/wp\/v2\/types\/post"}],"author":[{"embeddable":true,"href":"https:\/\/www.regaluxiluminacion.com\/blog\/wp-json\/wp\/v2\/users\/1"}],"replies":[{"embeddable":true,"href":"https:\/\/www.regaluxiluminacion.com\/blog\/wp-json\/wp\/v2\/comments?post=245"}],"version-history":[{"count":0,"href":"https:\/\/www.regaluxiluminacion.com\/blog\/wp-json\/wp\/v2\/posts\/245\/revisions"}],"wp:featuredmedia":[{"embeddable":true,"href":"https:\/\/www.regaluxiluminacion.com\/blog\/wp-json\/wp\/v2\/media\/250"}],"wp:attachment":[{"href":"https:\/\/www.regaluxiluminacion.com\/blog\/wp-json\/wp\/v2\/media?parent=245"}],"wp:term":[{"taxonomy":"category","embeddable":true,"href":"https:\/\/www.regaluxiluminacion.com\/blog\/wp-json\/wp\/v2\/categories?post=245"},{"taxonomy":"post_tag","embeddable":true,"href":"https:\/\/www.regaluxiluminacion.com\/blog\/wp-json\/wp\/v2\/tags?post=245"}],"curies":[{"name":"wp","href":"https:\/\/api.w.org\/{rel}","templated":true}]}}