{"id":449,"date":"2020-03-23T12:00:25","date_gmt":"2020-03-23T12:00:25","guid":{"rendered":"http:\/\/www.regaluxiluminacion.com\/blog\/?p=449"},"modified":"2020-04-23T10:45:49","modified_gmt":"2020-04-23T10:45:49","slug":"regalux-se-queda-en-casa-quedateencasa","status":"publish","type":"post","link":"https:\/\/www.regaluxiluminacion.com\/blog\/regalux-se-queda-en-casa-quedateencasa\/","title":{"rendered":"Regalux se queda en casa #Qu\u00e9dateEnCasa"},"content":{"rendered":"<p style=\"text-align: justify;\">Desde Regalux Iluminaci\u00f3n estamos viviendo la situaci\u00f3n actual con incertidumbre. Atendiendo a las medidas del Gobierno central, nuestras instalaciones permanecer\u00e1n cerradas hasta nuevo aviso.<\/p>\n<p style=\"text-align: justify;\">Desde aqu\u00ed solicitamos a todos vuestra colaboraci\u00f3n para frenar cuanto antes la crisis en la que estamos inmersos, por eso <strong>#Qu\u00e9dateEnCasa<\/strong>. Es responsabilidad de todos actuar de forma coherente y seguir las recomendaciones de las Autoridades Sanitarias.<\/p>\n<p style=\"text-align: justify;\">Gracias por vuestra comprensi\u00f3n.<\/p>\n<p>&nbsp;<\/p>\n<h2>Contacta con nosotros<\/h2>\n<blockquote><p>Aunque nuestras instalaciones estar\u00e1n cerradas hasta nuevo aviso, compartimos aqu\u00ed el n\u00famero de contacto al que remitirse en caso de consultas, dudas\u2026 Nuestro WhatsApp permanecer\u00e1 activo para efectuar las comunicaciones con vosotros:<\/p>\n<p style=\"text-align: center;\"><span class=\"_5mfr\"><span class=\"_6qdm\" style=\"background-repeat: no-repeat; background-size: contain; color: transparent; display: inline-block; text-decoration: none; text-shadow: none; vertical-align: text-bottom; font-family: inherit; height: 16px; width: 16px; font-size: 16px; background-image: url('https:\/\/static.xx.fbcdn.net\/images\/emoji.php\/v9\/t51\/1\/16\/1f449.png');\">\ud83d\udc49<\/span><\/span>\u00a0699 56 60 47\u00a0<span class=\"_5mfr\"><span class=\"_6qdm\" style=\"background-repeat: no-repeat; background-size: contain; color: transparent; display: inline-block; text-decoration: none; text-shadow: none; vertical-align: text-bottom; font-family: inherit; height: 16px; width: 16px; font-size: 16px; background-image: url('https:\/\/static.xx.fbcdn.net\/images\/emoji.php\/v9\/td0\/1\/16\/1f448.png');\">\ud83d\udc48<\/span><\/span><\/p>\n<p>De nuevo, apelamos a vuestra responsabilidad y coherencia. Es una situaci\u00f3n dif\u00edcil, pero estamos convencidos de que entre todos podemos frenarla.<\/p><\/blockquote>\n","protected":false},"excerpt":{"rendered":"<p>Desde Regalux Iluminaci\u00f3n estamos viviendo la situaci\u00f3n actual con incertidumbre. Atendiendo a las medidas del Gobierno central, nuestras instalaciones permanecer\u00e1n cerradas hasta nuevo aviso. Desde aqu\u00ed solicitamos a todos vuestra colaboraci\u00f3n para frenar cuanto antes la crisis en la que estamos inmersos, por eso #Qu\u00e9dateEnCasa. Es responsabilidad de todos actuar de forma coherente y seguir [&hellip;]<\/p>\n","protected":false},"author":1,"featured_media":451,"comment_status":"closed","ping_status":"open","sticky":false,"template":"","format":"standard","meta":{"_et_pb_use_builder":"","_et_pb_old_content":"","_et_gb_content_width":"","_jetpack_memberships_contains_paid_content":false,"_joinchat":[],"footnotes":""},"categories":[95],"tags":[98],"class_list":["post-449","post","type-post","status-publish","format-standard","has-post-thumbnail","hentry","category-informacion-de-interes","tag-covid-19"],"jetpack_featured_media_url":"https:\/\/www.regaluxiluminacion.com\/blog\/wp-content\/uploads\/2020\/03\/89925843_2623393257945816_3810733686408609792_o.jpg","jetpack_sharing_enabled":true,"_links":{"self":[{"href":"https:\/\/www.regaluxiluminacion.com\/blog\/wp-json\/wp\/v2\/posts\/449","targetHints":{"allow":["GET"]}}],"collection":[{"href":"https:\/\/www.regaluxiluminacion.com\/blog\/wp-json\/wp\/v2\/posts"}],"about":[{"href":"https:\/\/www.regaluxiluminacion.com\/blog\/wp-json\/wp\/v2\/types\/post"}],"author":[{"embeddable":true,"href":"https:\/\/www.regaluxiluminacion.com\/blog\/wp-json\/wp\/v2\/users\/1"}],"replies":[{"embeddable":true,"href":"https:\/\/www.regaluxiluminacion.com\/blog\/wp-json\/wp\/v2\/comments?post=449"}],"version-history":[{"count":0,"href":"https:\/\/www.regaluxiluminacion.com\/blog\/wp-json\/wp\/v2\/posts\/449\/revisions"}],"wp:featuredmedia":[{"embeddable":true,"href":"https:\/\/www.regaluxiluminacion.com\/blog\/wp-json\/wp\/v2\/media\/451"}],"wp:attachment":[{"href":"https:\/\/www.regaluxiluminacion.com\/blog\/wp-json\/wp\/v2\/media?parent=449"}],"wp:term":[{"taxonomy":"category","embeddable":true,"href":"https:\/\/www.regaluxiluminacion.com\/blog\/wp-json\/wp\/v2\/categories?post=449"},{"taxonomy":"post_tag","embeddable":true,"href":"https:\/\/www.regaluxiluminacion.com\/blog\/wp-json\/wp\/v2\/tags?post=449"}],"curies":[{"name":"wp","href":"https:\/\/api.w.org\/{rel}","templated":true}]}}