{"id":477,"date":"2020-05-04T09:28:38","date_gmt":"2020-05-04T09:28:38","guid":{"rendered":"http:\/\/www.regaluxiluminacion.com\/blog\/?p=477"},"modified":"2020-05-04T09:29:50","modified_gmt":"2020-05-04T09:29:50","slug":"reapertura-de-las-instalaciones-de-regalux-iluminacion","status":"publish","type":"post","link":"https:\/\/www.regaluxiluminacion.com\/blog\/reapertura-de-las-instalaciones-de-regalux-iluminacion\/","title":{"rendered":"Reapertura de las instalaciones de Regalux"},"content":{"rendered":"<p style=\"text-align: justify;\">Comenzamos la semana con una importante noticia: nos alegra anunciar la reapertura de Regalux Iluminaci\u00f3n. Tras unas duras semanas de incertidumbre, nuestras instalaciones vuelven a estar abiertas al p\u00fablico. Esperamos que, como hasta ahora, sig\u00e1is depositando vuestra confianza en nuestra tienda. Gracias por el apoyo.<\/p>\n<p style=\"text-align: justify;\">Es importante recalcar que la atenci\u00f3n ser\u00e1 individualizada, BAJO CITA PREVIA y siguiendo escrupulosamente todas las medidas dictadas por las autoridades sanitarias. Queremos que nuestra tienda sea un espacio seguro para todos, por lo que rogamos responsabilidad y coherencia.<\/p>\n<blockquote>\n<p style=\"text-align: justify;\">Ya sab\u00e9is: en momentos duros recordad que incluso la noche m\u00e1s oscura termina dando paso al d\u00eda. Y, como en Regalux Iluminaci\u00f3n siempre decimos, si ves todo negro, solo hay que encender una luz. Qu\u00e9 ganas ten\u00edamos de volver a iluminar vuestro d\u00eda a d\u00eda con nuestras <a href=\"https:\/\/www.regaluxiluminacion.com\/58-fabricantes\" target=\"_blank\" rel=\"noopener noreferrer\">fant\u00e1sticas colecciones<\/a>.<\/p>\n<\/blockquote>\n","protected":false},"excerpt":{"rendered":"<p>Comenzamos la semana con una importante noticia: nos alegra anunciar la reapertura de Regalux Iluminaci\u00f3n. Tras unas duras semanas de incertidumbre, nuestras instalaciones vuelven a estar abiertas al p\u00fablico. Esperamos que, como hasta ahora, sig\u00e1is depositando vuestra confianza en nuestra tienda. Gracias por el apoyo. Es importante recalcar que la atenci\u00f3n ser\u00e1 individualizada, BAJO CITA [&hellip;]<\/p>\n","protected":false},"author":1,"featured_media":479,"comment_status":"closed","ping_status":"open","sticky":false,"template":"","format":"standard","meta":{"_et_pb_use_builder":"","_et_pb_old_content":"","_et_gb_content_width":"","_jetpack_memberships_contains_paid_content":false,"_joinchat":[],"footnotes":""},"categories":[95],"tags":[98,4,94],"class_list":["post-477","post","type-post","status-publish","format-standard","has-post-thumbnail","hentry","category-informacion-de-interes","tag-covid-19","tag-iluminacion","tag-lamparas-decorativas"],"jetpack_featured_media_url":"https:\/\/www.regaluxiluminacion.com\/blog\/wp-content\/uploads\/2020\/05\/regalux.jpg","jetpack_sharing_enabled":true,"_links":{"self":[{"href":"https:\/\/www.regaluxiluminacion.com\/blog\/wp-json\/wp\/v2\/posts\/477","targetHints":{"allow":["GET"]}}],"collection":[{"href":"https:\/\/www.regaluxiluminacion.com\/blog\/wp-json\/wp\/v2\/posts"}],"about":[{"href":"https:\/\/www.regaluxiluminacion.com\/blog\/wp-json\/wp\/v2\/types\/post"}],"author":[{"embeddable":true,"href":"https:\/\/www.regaluxiluminacion.com\/blog\/wp-json\/wp\/v2\/users\/1"}],"replies":[{"embeddable":true,"href":"https:\/\/www.regaluxiluminacion.com\/blog\/wp-json\/wp\/v2\/comments?post=477"}],"version-history":[{"count":0,"href":"https:\/\/www.regaluxiluminacion.com\/blog\/wp-json\/wp\/v2\/posts\/477\/revisions"}],"wp:featuredmedia":[{"embeddable":true,"href":"https:\/\/www.regaluxiluminacion.com\/blog\/wp-json\/wp\/v2\/media\/479"}],"wp:attachment":[{"href":"https:\/\/www.regaluxiluminacion.com\/blog\/wp-json\/wp\/v2\/media?parent=477"}],"wp:term":[{"taxonomy":"category","embeddable":true,"href":"https:\/\/www.regaluxiluminacion.com\/blog\/wp-json\/wp\/v2\/categories?post=477"},{"taxonomy":"post_tag","embeddable":true,"href":"https:\/\/www.regaluxiluminacion.com\/blog\/wp-json\/wp\/v2\/tags?post=477"}],"curies":[{"name":"wp","href":"https:\/\/api.w.org\/{rel}","templated":true}]}}