{"id":494,"date":"2020-10-16T10:35:01","date_gmt":"2020-10-16T10:35:01","guid":{"rendered":"http:\/\/www.regaluxiluminacion.com\/blog\/?p=494"},"modified":"2020-12-03T15:52:12","modified_gmt":"2020-12-03T15:52:12","slug":"alejandro-de-miguel-iluminacion-del-atelier-de-madrid","status":"publish","type":"post","link":"https:\/\/www.regaluxiluminacion.com\/blog\/alejandro-de-miguel-iluminacion-del-atelier-de-madrid\/","title":{"rendered":"Alejandro de Miguel: iluminaci\u00f3n del atelier de Madrid"},"content":{"rendered":"<p style=\"text-align: justify;\">Para que el aspecto final de un negocio resulte inmejorable, son muchos los factores que hay que tener en cuenta. La iluminaci\u00f3n es uno de esos detalles que no deben descuidarse nunca. Pero \u00bfes v\u00e1lida cualquier opci\u00f3n? En Regalux siempre insistimos en<strong> la importancia de adaptarnos a las necesidades y al estilo de cada local<\/strong>. Por eso, ofrecemos un servicio personalizado, ajustado a los requerimientos de cada cliente.<\/p>\n<blockquote>\n<p style=\"text-align: justify;\">Te invitamos a descubrir nuestro trabajo en el atelier de <a href=\"https:\/\/www.alejandrodemiguel.com\/\" target=\"_blank\" rel=\"noopener noreferrer\">Alejandro de Miguel<\/a>. Ubicado en Madrid, en la calle Ayala, <strong>este local se caracteriza por su estilo y elegancia<\/strong>. De ah\u00ed la elecci\u00f3n de piezas que destacasen por sus selectos detalles y la distinci\u00f3n en sus formas. \u00bfQu\u00e9 te parece el resultado?<\/p>\n<\/blockquote>\n\n\t\t<style type=\"text\/css\">\n\t\t\t#gallery-1 {\n\t\t\t\tmargin: auto;\n\t\t\t}\n\t\t\t#gallery-1 .gallery-item {\n\t\t\t\tfloat: left;\n\t\t\t\tmargin-top: 10px;\n\t\t\t\ttext-align: center;\n\t\t\t\twidth: 33%;\n\t\t\t}\n\t\t\t#gallery-1 img {\n\t\t\t\tborder: 2px solid #cfcfcf;\n\t\t\t}\n\t\t\t#gallery-1 .gallery-caption {\n\t\t\t\tmargin-left: 0;\n\t\t\t}\n\t\t\t\/* see gallery_shortcode() in wp-includes\/media.php *\/\n\t\t<\/style>\n\t\t<div id='gallery-1' class='gallery galleryid-494 gallery-columns-3 gallery-size-medium'><dl class='gallery-item'>\n\t\t\t<dt class='gallery-icon portrait'>\n\t\t\t\t<a href='https:\/\/www.regaluxiluminacion.com\/blog\/alejandro-de-miguel-iluminacion-del-atelier-de-madrid\/alejandro_de_miguel-5\/'><img loading=\"lazy\" decoding=\"async\" width=\"240\" height=\"300\" src=\"https:\/\/www.regaluxiluminacion.com\/blog\/wp-content\/uploads\/2020\/10\/alejandro_de_miguel-5-240x300.jpg\" class=\"attachment-medium size-medium\" alt=\"Alejandro de Miguel\" srcset=\"https:\/\/www.regaluxiluminacion.com\/blog\/wp-content\/uploads\/2020\/10\/alejandro_de_miguel-5-240x300.jpg 240w, https:\/\/www.regaluxiluminacion.com\/blog\/wp-content\/uploads\/2020\/10\/alejandro_de_miguel-5.jpg 400w\" sizes=\"(max-width: 240px) 100vw, 240px\" \/><\/a>\n\t\t\t<\/dt><\/dl><dl class='gallery-item'>\n\t\t\t<dt class='gallery-icon portrait'>\n\t\t\t\t<a href='https:\/\/www.regaluxiluminacion.com\/blog\/alejandro-de-miguel-iluminacion-del-atelier-de-madrid\/alejandro_de_miguel-2\/'><img loading=\"lazy\" decoding=\"async\" width=\"240\" height=\"300\" src=\"https:\/\/www.regaluxiluminacion.com\/blog\/wp-content\/uploads\/2020\/10\/alejandro_de_miguel-2-240x300.jpg\" class=\"attachment-medium size-medium\" alt=\"Alejandro de Miguel\" srcset=\"https:\/\/www.regaluxiluminacion.com\/blog\/wp-content\/uploads\/2020\/10\/alejandro_de_miguel-2-240x300.jpg 240w, https:\/\/www.regaluxiluminacion.com\/blog\/wp-content\/uploads\/2020\/10\/alejandro_de_miguel-2.jpg 400w\" sizes=\"(max-width: 240px) 100vw, 240px\" \/><\/a>\n\t\t\t<\/dt><\/dl><dl class='gallery-item'>\n\t\t\t<dt class='gallery-icon portrait'>\n\t\t\t\t<a href='https:\/\/www.regaluxiluminacion.com\/blog\/alejandro-de-miguel-iluminacion-del-atelier-de-madrid\/alejandro_de_miguel-3\/'><img loading=\"lazy\" decoding=\"async\" width=\"240\" height=\"300\" src=\"https:\/\/www.regaluxiluminacion.com\/blog\/wp-content\/uploads\/2020\/10\/alejandro_de_miguel-3-240x300.jpg\" class=\"attachment-medium size-medium\" alt=\"Alejandro de Miguel\" srcset=\"https:\/\/www.regaluxiluminacion.com\/blog\/wp-content\/uploads\/2020\/10\/alejandro_de_miguel-3-240x300.jpg 240w, https:\/\/www.regaluxiluminacion.com\/blog\/wp-content\/uploads\/2020\/10\/alejandro_de_miguel-3.jpg 400w\" sizes=\"(max-width: 240px) 100vw, 240px\" \/><\/a>\n\t\t\t<\/dt><\/dl><br style=\"clear: both\" \/>\n\t\t<\/div>\n\n<p>&nbsp;<\/p>\n<div class='et-box et-shadow'>\n\t\t\t\t\t<div class='et-box-content'><p style=\"text-align: justify;\"><a href=\"http:\/\/www.regaluxiluminacion.com\/blog\/wp-content\/uploads\/2018\/10\/lamp-378369_960_720.png\"><img loading=\"lazy\" decoding=\"async\" class=\"alignleft wp-image-311 size-thumbnail\" src=\"http:\/\/www.regaluxiluminacion.com\/blog\/wp-content\/uploads\/2018\/10\/lamp-378369_960_720-150x150.png\" alt=\"\" width=\"150\" height=\"150\" srcset=\"https:\/\/www.regaluxiluminacion.com\/blog\/wp-content\/uploads\/2018\/10\/lamp-378369_960_720-150x150.png 150w, https:\/\/www.regaluxiluminacion.com\/blog\/wp-content\/uploads\/2018\/10\/lamp-378369_960_720-300x300.png 300w, https:\/\/www.regaluxiluminacion.com\/blog\/wp-content\/uploads\/2018\/10\/lamp-378369_960_720-100x100.png 100w, https:\/\/www.regaluxiluminacion.com\/blog\/wp-content\/uploads\/2018\/10\/lamp-378369_960_720-440x440.png 440w\" sizes=\"(max-width: 150px) 100vw, 150px\" \/><\/a>Como en cada uno de nuestros proyectos, <strong>nuestro equipo valor\u00f3 tanto la funcionalidad como la est\u00e9tica<\/strong> de las l\u00e1mparas que se instalaron. El objetivo era conseguir la mayor <strong>armon\u00eda visua<\/strong>l, transmitiendo con nuestra iluminaci\u00f3n esa idea <strong>glamour<\/strong> tan propia de Alejandro de Miguel. As\u00ed, al igual que las colecciones de este distinguido atelier, las piezas de Regalux conservan esa<strong> esencia de exclusividad<\/strong> propia de las confecciones de alta costura a medida. Se incorporaron tambi\u00e9n piezas m\u00e1s discretas que permiten apreciar el gran valor decorativo del local. En definitiva, un proyecto de interiorismo donde creatividad y elegancia se combinan para un resultado cuidado al detalle.<\/p><\/div><\/div>\n<p style=\"text-align: right;\">Consulta <a href=\"https:\/\/www.alejandrodemiguel.com\/puntos-de-venta\/atelier-madrid\/\" target=\"_blank\" rel=\"noopener noreferrer\">aqu\u00ed<\/a> todos los detalles sobre el atelier de Madrid.<\/p>\n","protected":false},"excerpt":{"rendered":"<p>Para que el aspecto final de un negocio resulte inmejorable, son muchos los factores que hay que tener en cuenta. La iluminaci\u00f3n es uno de esos detalles que no deben descuidarse nunca. Pero \u00bfes v\u00e1lida cualquier opci\u00f3n? En Regalux siempre insistimos en la importancia de adaptarnos a las necesidades y al estilo de cada local. [&hellip;]<\/p>\n","protected":false},"author":1,"featured_media":506,"comment_status":"closed","ping_status":"open","sticky":false,"template":"","format":"standard","meta":{"_et_pb_use_builder":"","_et_pb_old_content":"","_et_gb_content_width":"","_jetpack_memberships_contains_paid_content":false,"_joinchat":[],"footnotes":""},"categories":[1],"tags":[100,101],"class_list":["post-494","post","type-post","status-publish","format-standard","has-post-thumbnail","hentry","category-iluminacion","tag-iluminacion-atelier-de-alejandro-de-miguel","tag-proyecto-integral"],"jetpack_featured_media_url":"https:\/\/www.regaluxiluminacion.com\/blog\/wp-content\/uploads\/2020\/10\/alejandro.jpg","jetpack_sharing_enabled":true,"_links":{"self":[{"href":"https:\/\/www.regaluxiluminacion.com\/blog\/wp-json\/wp\/v2\/posts\/494","targetHints":{"allow":["GET"]}}],"collection":[{"href":"https:\/\/www.regaluxiluminacion.com\/blog\/wp-json\/wp\/v2\/posts"}],"about":[{"href":"https:\/\/www.regaluxiluminacion.com\/blog\/wp-json\/wp\/v2\/types\/post"}],"author":[{"embeddable":true,"href":"https:\/\/www.regaluxiluminacion.com\/blog\/wp-json\/wp\/v2\/users\/1"}],"replies":[{"embeddable":true,"href":"https:\/\/www.regaluxiluminacion.com\/blog\/wp-json\/wp\/v2\/comments?post=494"}],"version-history":[{"count":1,"href":"https:\/\/www.regaluxiluminacion.com\/blog\/wp-json\/wp\/v2\/posts\/494\/revisions"}],"predecessor-version":[{"id":528,"href":"https:\/\/www.regaluxiluminacion.com\/blog\/wp-json\/wp\/v2\/posts\/494\/revisions\/528"}],"wp:featuredmedia":[{"embeddable":true,"href":"https:\/\/www.regaluxiluminacion.com\/blog\/wp-json\/wp\/v2\/media\/506"}],"wp:attachment":[{"href":"https:\/\/www.regaluxiluminacion.com\/blog\/wp-json\/wp\/v2\/media?parent=494"}],"wp:term":[{"taxonomy":"category","embeddable":true,"href":"https:\/\/www.regaluxiluminacion.com\/blog\/wp-json\/wp\/v2\/categories?post=494"},{"taxonomy":"post_tag","embeddable":true,"href":"https:\/\/www.regaluxiluminacion.com\/blog\/wp-json\/wp\/v2\/tags?post=494"}],"curies":[{"name":"wp","href":"https:\/\/api.w.org\/{rel}","templated":true}]}}