{"id":539,"date":"2021-06-18T17:29:51","date_gmt":"2021-06-18T17:29:51","guid":{"rendered":"http:\/\/www.regaluxiluminacion.com\/blog\/?p=539"},"modified":"2021-07-30T10:30:40","modified_gmt":"2021-07-30T10:30:40","slug":"este-verano-ilumina-tu-jardin","status":"publish","type":"post","link":"https:\/\/www.regaluxiluminacion.com\/blog\/este-verano-ilumina-tu-jardin\/","title":{"rendered":"Este verano&#8230; \u00a1ilumina tu jard\u00edn!"},"content":{"rendered":"<p style=\"text-align: justify;\">Con la llegada del verano, la subida de las temperaturas nos anima a pasar m\u00e1s tiempo al aire libre. Es por las noches, cuando los term\u00f3metros nos dan un respiro, cuando m\u00e1s nos apetece disfrutar de nuestro patio o jard\u00edn y contemplar las estrellas. \u00bfC\u00f3mo poner a punto nuestros espacios de exterior para sacar el m\u00e1ximo partido a nuestras veladas? \u00a1Ilumina el entorno con nuestras propuestas! Toma nota estos consejos.<\/p>\n<h2 style=\"text-align: left;\">Saca partido a tus plantas<\/h2>\n<p style=\"text-align: justify;\">\u00a1Dales a tus espacios verdes un aspecto \u00fanico y especial! Adornar las ramas y el follaje con guirnaldas luminosas puede resultar una propuesta de lo m\u00e1s original y decorativa. \u00a0Este tipo de iluminaci\u00f3n volver\u00e1n mucho m\u00e1s atractiva la iluminaci\u00f3n de nuestro jard\u00edn y nos proporcionar\u00e1n un c\u00e1lido y tenue resplandor. Adem\u00e1s, si tenemos alg\u00fan \u00e1rbol, valla, o pared, las podremos colocar a lo largo.<\/p>\n<h2 style=\"text-align: left;\">Propuestas luminosas\u2026 \u00a1y muy decorativas!<\/h2>\n<p style=\"text-align: justify;\">Las guirnaldas de luces son una de las opciones m\u00e1s acertadas para dar un toque de brillo a los espacios exteriores. Existen multitud de dise\u00f1os, formas\u2026 propuestas ideales para dar vida a tu jard\u00edn en verano. Adem\u00e1s, resultan elementos de lo m\u00e1s vers\u00e1tiles, pues son f\u00e1cilmente movibles y pueden acoplarse en pr\u00e1cticamente cualquier lugar. Si bien la luz que arrojan no es excesivamente potente, son la opci\u00f3n perfecta para conseguir que tu jard\u00edn desprenda un aura m\u00e1gica. \u00a1Consigue una estampa de lo m\u00e1s buc\u00f3lica con ellas!<\/p>\n<h2 style=\"text-align: left;\">El elemento m\u00e1s pr\u00e1ctico<\/h2>\n<p style=\"text-align: justify;\">\u00datiles, c\u00f3modos\u2026 \u00a1y perfectos para proporcionar una importante fuente de luz en el exterior! Los apliques de pared son la alternativa m\u00e1s pr\u00e1ctica para iluminar el jard\u00edn. Ten en cuenta que estos elementos son id\u00f3neos para conseguir la mejor luz ambiental. Lo ideal es planificar una distribuci\u00f3n que no solo resulte funcional, sino tambi\u00e9n est\u00e9tica. De esta forma, el resultado ser\u00e1 perfecto. Adem\u00e1s, no resulta complicado encontrar opciones que encajen con el estilo de tu hogar y jard\u00edn, pues en el mercado existen infinidad de dise\u00f1os para todo tipo de gustos y necesidades.<\/p>\n<h2 style=\"text-align: left;\">Armon\u00eda visual\u2026 \u00a1pensando en tu bolsillo!<\/h2>\n<p style=\"text-align: justify;\">Las alternativas de bajo consumo pueden ser tambi\u00e9n de lo m\u00e1s vistosas; simplemente hay que saber elegir\u2026 y combinar. Por ejemplo, las tiendas especializadas en iluminaci\u00f3n, como Regalux, disponen de una amplia variedad de focos LED ideales para incorporar en el jard\u00edn. Multitud de dise\u00f1os, un amplio abanico de materiales\u2026 Solo hay que elegir el que mejor se adapte a la est\u00e9tica de tu hogar. \u00bfLa clave? Distribuir los elementos de forma original. \u00a1Porque una decoraci\u00f3n bonita no est\u00e1 re\u00f1ida con el ahorro de luz!<\/p>\n","protected":false},"excerpt":{"rendered":"<p>Con la llegada del verano, la subida de las temperaturas nos anima a pasar m\u00e1s tiempo al aire libre. Es por las noches, cuando los term\u00f3metros nos dan un respiro, cuando m\u00e1s nos apetece disfrutar de nuestro patio o jard\u00edn y contemplar las estrellas. \u00bfC\u00f3mo poner a punto nuestros espacios de exterior para sacar el [&hellip;]<\/p>\n","protected":false},"author":1,"featured_media":541,"comment_status":"closed","ping_status":"open","sticky":false,"template":"","format":"standard","meta":{"_et_pb_use_builder":"","_et_pb_old_content":"","_et_gb_content_width":"","_jetpack_memberships_contains_paid_content":false,"_joinchat":[],"footnotes":""},"categories":[1],"tags":[4],"class_list":["post-539","post","type-post","status-publish","format-standard","has-post-thumbnail","hentry","category-iluminacion","tag-iluminacion"],"jetpack_featured_media_url":"https:\/\/www.regaluxiluminacion.com\/blog\/wp-content\/uploads\/2021\/06\/jardin.jpg","jetpack_sharing_enabled":true,"_links":{"self":[{"href":"https:\/\/www.regaluxiluminacion.com\/blog\/wp-json\/wp\/v2\/posts\/539","targetHints":{"allow":["GET"]}}],"collection":[{"href":"https:\/\/www.regaluxiluminacion.com\/blog\/wp-json\/wp\/v2\/posts"}],"about":[{"href":"https:\/\/www.regaluxiluminacion.com\/blog\/wp-json\/wp\/v2\/types\/post"}],"author":[{"embeddable":true,"href":"https:\/\/www.regaluxiluminacion.com\/blog\/wp-json\/wp\/v2\/users\/1"}],"replies":[{"embeddable":true,"href":"https:\/\/www.regaluxiluminacion.com\/blog\/wp-json\/wp\/v2\/comments?post=539"}],"version-history":[{"count":1,"href":"https:\/\/www.regaluxiluminacion.com\/blog\/wp-json\/wp\/v2\/posts\/539\/revisions"}],"predecessor-version":[{"id":542,"href":"https:\/\/www.regaluxiluminacion.com\/blog\/wp-json\/wp\/v2\/posts\/539\/revisions\/542"}],"wp:featuredmedia":[{"embeddable":true,"href":"https:\/\/www.regaluxiluminacion.com\/blog\/wp-json\/wp\/v2\/media\/541"}],"wp:attachment":[{"href":"https:\/\/www.regaluxiluminacion.com\/blog\/wp-json\/wp\/v2\/media?parent=539"}],"wp:term":[{"taxonomy":"category","embeddable":true,"href":"https:\/\/www.regaluxiluminacion.com\/blog\/wp-json\/wp\/v2\/categories?post=539"},{"taxonomy":"post_tag","embeddable":true,"href":"https:\/\/www.regaluxiluminacion.com\/blog\/wp-json\/wp\/v2\/tags?post=539"}],"curies":[{"name":"wp","href":"https:\/\/api.w.org\/{rel}","templated":true}]}}