{"id":546,"date":"2021-07-30T10:39:00","date_gmt":"2021-07-30T10:39:00","guid":{"rendered":"http:\/\/www.regaluxiluminacion.com\/blog\/?p=546"},"modified":"2021-08-18T07:12:52","modified_gmt":"2021-08-18T07:12:52","slug":"proyectos-de-iluminacion-clinica-cubital","status":"publish","type":"post","link":"https:\/\/www.regaluxiluminacion.com\/blog\/proyectos-de-iluminacion-clinica-cubital\/","title":{"rendered":"Proyectos de iluminaci\u00f3n: Cl\u00ednica Cubital"},"content":{"rendered":"<p style=\"text-align: justify;\">Compartimos aqu\u00ed una nueva prueba de que la funcionalidad no est\u00e1 re\u00f1ida con la est\u00e9tica. Con esta armon\u00eda visual luce la <a href=\"https:\/\/www.instagram.com\/clinica_cubital\/\" target=\"_blank\" rel=\"noopener\">Cl\u00ednica Cubital<\/a> de Alc\u00e1zar tras nuestros trabajos de iluminaci\u00f3n. Desde Regalux agradecemos la confianza depositada en nuestro equipo: siempre es un placer llevar a cabo proyectos as\u00ed. \u00a1Os invitamos a descubrirlo en nuestra web!<\/p>\n<p style=\"text-align: justify;\">\u00bfNos adentramos en la cl\u00ednica? Pilates, ejercicio terap\u00e9utico, tratamiento de lumbalgias\u2026 son muchas las especialidades que ofrece este espacio con el objetivo de garantizar el bienestar de los pacientes. Y, para asegurar el completo confort de todos ellos, \u00a1la iluminaci\u00f3n tambi\u00e9n tiene un papel importante! Una buena iluminaci\u00f3n contribuye a su comodidad, adem\u00e1s de permitir el correcto desarrollo del trabajo de los profesionales de la cl\u00ednica.<\/p>\n<h2 style=\"text-align: justify;\">Funcional y est\u00e9tico<\/h2>\n<p style=\"text-align: justify;\">\u00a1Este es el resultado del proyecto! Porque para nosotros una estancia bien optimizada supone la perfecta combinaci\u00f3n entre la funcionalidad y la est\u00e9tica. As\u00ed, teniendo presente la importancia de una correcta iluminaci\u00f3n, tambi\u00e9n hemos a\u00f1adido el toque de dise\u00f1o a cada uno de los espacios.<\/p>\n\n\t\t<style type=\"text\/css\">\n\t\t\t#gallery-1 {\n\t\t\t\tmargin: auto;\n\t\t\t}\n\t\t\t#gallery-1 .gallery-item {\n\t\t\t\tfloat: left;\n\t\t\t\tmargin-top: 10px;\n\t\t\t\ttext-align: center;\n\t\t\t\twidth: 50%;\n\t\t\t}\n\t\t\t#gallery-1 img {\n\t\t\t\tborder: 2px solid #cfcfcf;\n\t\t\t}\n\t\t\t#gallery-1 .gallery-caption {\n\t\t\t\tmargin-left: 0;\n\t\t\t}\n\t\t\t\/* see gallery_shortcode() in wp-includes\/media.php *\/\n\t\t<\/style>\n\t\t<div id='gallery-1' class='gallery galleryid-546 gallery-columns-2 gallery-size-large'><dl class='gallery-item'>\n\t\t\t<dt class='gallery-icon portrait'>\n\t\t\t\t<a href='https:\/\/www.regaluxiluminacion.com\/blog\/proyectos-de-iluminacion-clinica-cubital\/regalux_clinicacubital_8915\/'><img loading=\"lazy\" decoding=\"async\" width=\"583\" height=\"700\" src=\"https:\/\/www.regaluxiluminacion.com\/blog\/wp-content\/uploads\/2021\/07\/Regalux_clinicaCubital_8915.jpg\" class=\"attachment-large size-large\" alt=\"\" srcset=\"https:\/\/www.regaluxiluminacion.com\/blog\/wp-content\/uploads\/2021\/07\/Regalux_clinicaCubital_8915.jpg 583w, https:\/\/www.regaluxiluminacion.com\/blog\/wp-content\/uploads\/2021\/07\/Regalux_clinicaCubital_8915-250x300.jpg 250w\" sizes=\"(max-width: 583px) 100vw, 583px\" \/><\/a>\n\t\t\t<\/dt><\/dl><dl class='gallery-item'>\n\t\t\t<dt class='gallery-icon portrait'>\n\t\t\t\t<a href='https:\/\/www.regaluxiluminacion.com\/blog\/proyectos-de-iluminacion-clinica-cubital\/regalux_clinicacubital_8916\/'><img loading=\"lazy\" decoding=\"async\" width=\"622\" height=\"700\" src=\"https:\/\/www.regaluxiluminacion.com\/blog\/wp-content\/uploads\/2021\/07\/Regalux_clinicaCubital_8916.jpg\" class=\"attachment-large size-large\" alt=\"\" srcset=\"https:\/\/www.regaluxiluminacion.com\/blog\/wp-content\/uploads\/2021\/07\/Regalux_clinicaCubital_8916.jpg 622w, https:\/\/www.regaluxiluminacion.com\/blog\/wp-content\/uploads\/2021\/07\/Regalux_clinicaCubital_8916-600x675.jpg 600w, https:\/\/www.regaluxiluminacion.com\/blog\/wp-content\/uploads\/2021\/07\/Regalux_clinicaCubital_8916-267x300.jpg 267w\" sizes=\"(max-width: 622px) 100vw, 622px\" \/><\/a>\n\t\t\t<\/dt><\/dl><br style=\"clear: both\" \/><dl class='gallery-item'>\n\t\t\t<dt class='gallery-icon portrait'>\n\t\t\t\t<a href='https:\/\/www.regaluxiluminacion.com\/blog\/proyectos-de-iluminacion-clinica-cubital\/regalux_clinicacubital_8922\/'><img loading=\"lazy\" decoding=\"async\" width=\"467\" height=\"700\" src=\"https:\/\/www.regaluxiluminacion.com\/blog\/wp-content\/uploads\/2021\/07\/Regalux_clinicaCubital_8922.jpg\" class=\"attachment-large size-large\" alt=\"\" srcset=\"https:\/\/www.regaluxiluminacion.com\/blog\/wp-content\/uploads\/2021\/07\/Regalux_clinicaCubital_8922.jpg 467w, https:\/\/www.regaluxiluminacion.com\/blog\/wp-content\/uploads\/2021\/07\/Regalux_clinicaCubital_8922-200x300.jpg 200w\" sizes=\"(max-width: 467px) 100vw, 467px\" \/><\/a>\n\t\t\t<\/dt><\/dl><dl class='gallery-item'>\n\t\t\t<dt class='gallery-icon portrait'>\n\t\t\t\t<a href='https:\/\/www.regaluxiluminacion.com\/blog\/proyectos-de-iluminacion-clinica-cubital\/regalux_clinicacubital_8919\/'><img loading=\"lazy\" decoding=\"async\" width=\"506\" height=\"700\" src=\"https:\/\/www.regaluxiluminacion.com\/blog\/wp-content\/uploads\/2021\/07\/Regalux_clinicaCubital_8919.jpg\" class=\"attachment-large size-large\" alt=\"\" srcset=\"https:\/\/www.regaluxiluminacion.com\/blog\/wp-content\/uploads\/2021\/07\/Regalux_clinicaCubital_8919.jpg 506w, https:\/\/www.regaluxiluminacion.com\/blog\/wp-content\/uploads\/2021\/07\/Regalux_clinicaCubital_8919-217x300.jpg 217w\" sizes=\"(max-width: 506px) 100vw, 506px\" \/><\/a>\n\t\t\t<\/dt><\/dl><br style=\"clear: both\" \/><dl class='gallery-item'>\n\t\t\t<dt class='gallery-icon landscape'>\n\t\t\t\t<a href='https:\/\/www.regaluxiluminacion.com\/blog\/proyectos-de-iluminacion-clinica-cubital\/regalux_clinicacubital_8920\/'><img loading=\"lazy\" decoding=\"async\" width=\"700\" height=\"551\" src=\"https:\/\/www.regaluxiluminacion.com\/blog\/wp-content\/uploads\/2021\/07\/Regalux_clinicaCubital_8920.jpg\" class=\"attachment-large size-large\" alt=\"\" srcset=\"https:\/\/www.regaluxiluminacion.com\/blog\/wp-content\/uploads\/2021\/07\/Regalux_clinicaCubital_8920.jpg 700w, https:\/\/www.regaluxiluminacion.com\/blog\/wp-content\/uploads\/2021\/07\/Regalux_clinicaCubital_8920-600x472.jpg 600w, https:\/\/www.regaluxiluminacion.com\/blog\/wp-content\/uploads\/2021\/07\/Regalux_clinicaCubital_8920-300x236.jpg 300w\" sizes=\"(max-width: 700px) 100vw, 700px\" \/><\/a>\n\t\t\t<\/dt><\/dl><dl class='gallery-item'>\n\t\t\t<dt class='gallery-icon landscape'>\n\t\t\t\t<a href='https:\/\/www.regaluxiluminacion.com\/blog\/proyectos-de-iluminacion-clinica-cubital\/regalux_clinicacubital_8918\/'><img loading=\"lazy\" decoding=\"async\" width=\"700\" height=\"570\" src=\"https:\/\/www.regaluxiluminacion.com\/blog\/wp-content\/uploads\/2021\/07\/Regalux_clinicaCubital_8918.jpg\" class=\"attachment-large size-large\" alt=\"\" srcset=\"https:\/\/www.regaluxiluminacion.com\/blog\/wp-content\/uploads\/2021\/07\/Regalux_clinicaCubital_8918.jpg 700w, https:\/\/www.regaluxiluminacion.com\/blog\/wp-content\/uploads\/2021\/07\/Regalux_clinicaCubital_8918-600x489.jpg 600w, https:\/\/www.regaluxiluminacion.com\/blog\/wp-content\/uploads\/2021\/07\/Regalux_clinicaCubital_8918-300x244.jpg 300w\" sizes=\"(max-width: 700px) 100vw, 700px\" \/><\/a>\n\t\t\t<\/dt><\/dl><br style=\"clear: both\" \/>\n\t\t<\/div>\n\n<blockquote>\n<p style=\"text-align: justify;\">\u00bfTe gustar\u00eda algo as\u00ed para tu negocio? \u00a1Recuerda que tu local tambi\u00e9n puede lucir su mejor aspecto! En Regalux estamos a tu disposici\u00f3n para realizar todo tipo de proyectos de iluminaci\u00f3n, desarrollando tambi\u00e9n un servicio de instalaci\u00f3n el\u00e9ctrica. Cu\u00e9ntanos tu idea y solicita informaci\u00f3n sin compromiso. Queremos asesorarte para que tu empresa luzca, literalmente, \u00a1con luz propia!<\/p>\n<\/blockquote>\n","protected":false},"excerpt":{"rendered":"<p>Compartimos aqu\u00ed una nueva prueba de que la funcionalidad no est\u00e1 re\u00f1ida con la est\u00e9tica. Con esta armon\u00eda visual luce la Cl\u00ednica Cubital de Alc\u00e1zar tras nuestros trabajos de iluminaci\u00f3n. Desde Regalux agradecemos la confianza depositada en nuestro equipo: siempre es un placer llevar a cabo proyectos as\u00ed. \u00a1Os invitamos a descubrirlo en nuestra web! [&hellip;]<\/p>\n","protected":false},"author":1,"featured_media":549,"comment_status":"closed","ping_status":"open","sticky":false,"template":"","format":"standard","meta":{"_et_pb_use_builder":"","_et_pb_old_content":"","_et_gb_content_width":"","_jetpack_memberships_contains_paid_content":false,"_joinchat":[],"footnotes":""},"categories":[22,1],"tags":[4,80],"class_list":["post-546","post","type-post","status-publish","format-standard","has-post-thumbnail","hentry","category-decoracion","category-iluminacion","tag-iluminacion","tag-trabajos-realizados"],"jetpack_featured_media_url":"https:\/\/www.regaluxiluminacion.com\/blog\/wp-content\/uploads\/2021\/07\/Fachada-clinica-cubital.jpg","jetpack_sharing_enabled":true,"_links":{"self":[{"href":"https:\/\/www.regaluxiluminacion.com\/blog\/wp-json\/wp\/v2\/posts\/546","targetHints":{"allow":["GET"]}}],"collection":[{"href":"https:\/\/www.regaluxiluminacion.com\/blog\/wp-json\/wp\/v2\/posts"}],"about":[{"href":"https:\/\/www.regaluxiluminacion.com\/blog\/wp-json\/wp\/v2\/types\/post"}],"author":[{"embeddable":true,"href":"https:\/\/www.regaluxiluminacion.com\/blog\/wp-json\/wp\/v2\/users\/1"}],"replies":[{"embeddable":true,"href":"https:\/\/www.regaluxiluminacion.com\/blog\/wp-json\/wp\/v2\/comments?post=546"}],"version-history":[{"count":5,"href":"https:\/\/www.regaluxiluminacion.com\/blog\/wp-json\/wp\/v2\/posts\/546\/revisions"}],"predecessor-version":[{"id":560,"href":"https:\/\/www.regaluxiluminacion.com\/blog\/wp-json\/wp\/v2\/posts\/546\/revisions\/560"}],"wp:featuredmedia":[{"embeddable":true,"href":"https:\/\/www.regaluxiluminacion.com\/blog\/wp-json\/wp\/v2\/media\/549"}],"wp:attachment":[{"href":"https:\/\/www.regaluxiluminacion.com\/blog\/wp-json\/wp\/v2\/media?parent=546"}],"wp:term":[{"taxonomy":"category","embeddable":true,"href":"https:\/\/www.regaluxiluminacion.com\/blog\/wp-json\/wp\/v2\/categories?post=546"},{"taxonomy":"post_tag","embeddable":true,"href":"https:\/\/www.regaluxiluminacion.com\/blog\/wp-json\/wp\/v2\/tags?post=546"}],"curies":[{"name":"wp","href":"https:\/\/api.w.org\/{rel}","templated":true}]}}