{"id":654,"date":"2022-07-20T11:17:38","date_gmt":"2022-07-20T11:17:38","guid":{"rendered":"https:\/\/www.regaluxiluminacion.com\/blog\/?p=654"},"modified":"2022-12-14T10:36:12","modified_gmt":"2022-12-14T10:36:12","slug":"tendencias-lamparas-de-pie-y-sobremesa","status":"publish","type":"post","link":"https:\/\/www.regaluxiluminacion.com\/blog\/tendencias-lamparas-de-pie-y-sobremesa\/","title":{"rendered":"Tendencias l\u00e1mparas de pie y sobremesa"},"content":{"rendered":"<p>Las l\u00e1mparas ayudan a definir diferentes zonas en un mismo ambiente, nos permiten crear sensaciones y a\u00f1adir un toque extra de decoraci\u00f3n \u00a1Adem\u00e1s de su propia utilidad dentro del proyecto lum\u00ednico de tu hogar! Te contamos las \u00faltimas tendencias de l\u00e1mparas de pie y sobremesa para darte algunas ideas<\/p>\n<h4><strong>Tendencias l\u00e1mparas de pie y sobremesa<\/strong><\/h4>\n<h5><strong>L\u00e1mparas a juego<\/strong><\/h5>\n<p>A la hora de dise\u00f1ar la iluminaci\u00f3n secundaria, puedes mezclar modelos u optar por crear un espacio lleno de armon\u00eda con el mismo modelo de pie y sobremesa.<\/p>\n<p><a href=\"https:\/\/www.regaluxiluminacion.com\/blog\/wp-content\/uploads\/2022\/07\/Regalux-31.png\"><img loading=\"lazy\" decoding=\"async\" class=\"size-medium wp-image-660 aligncenter\" src=\"https:\/\/www.regaluxiluminacion.com\/blog\/wp-content\/uploads\/2022\/07\/Regalux-31-300x300.png\" alt=\"\" width=\"300\" height=\"300\" srcset=\"https:\/\/www.regaluxiluminacion.com\/blog\/wp-content\/uploads\/2022\/07\/Regalux-31-300x300.png 300w, https:\/\/www.regaluxiluminacion.com\/blog\/wp-content\/uploads\/2022\/07\/Regalux-31-100x100.png 100w, https:\/\/www.regaluxiluminacion.com\/blog\/wp-content\/uploads\/2022\/07\/Regalux-31-600x600.png 600w, https:\/\/www.regaluxiluminacion.com\/blog\/wp-content\/uploads\/2022\/07\/Regalux-31-1024x1024.png 1024w, https:\/\/www.regaluxiluminacion.com\/blog\/wp-content\/uploads\/2022\/07\/Regalux-31-150x150.png 150w, https:\/\/www.regaluxiluminacion.com\/blog\/wp-content\/uploads\/2022\/07\/Regalux-31-768x768.png 768w, https:\/\/www.regaluxiluminacion.com\/blog\/wp-content\/uploads\/2022\/07\/Regalux-31-440x440.png 440w, https:\/\/www.regaluxiluminacion.com\/blog\/wp-content\/uploads\/2022\/07\/Regalux-31.png 1080w\" sizes=\"(max-width: 300px) 100vw, 300px\" \/><\/a><\/p>\n<h5><strong>Aire industrial<\/strong><\/h5>\n<p>Las l\u00e1mparas de pie de aire industrial son sencillas, pr\u00e1cticas y bellas. Se adaptan a cualquier ambiente y estilo decorativo. Adem\u00e1s, los detalles decorativos en negro son tendencias y quedan bien en cualquier situaci\u00f3n.<\/p>\n<p><a href=\"https:\/\/www.regaluxiluminacion.com\/blog\/wp-content\/uploads\/2022\/07\/Regalux-32.png\"><img loading=\"lazy\" decoding=\"async\" class=\"size-medium wp-image-659 aligncenter\" src=\"https:\/\/www.regaluxiluminacion.com\/blog\/wp-content\/uploads\/2022\/07\/Regalux-32-300x300.png\" alt=\"Tendencias l\u00e1mparas de pie y sobremesa\" width=\"300\" height=\"300\" srcset=\"https:\/\/www.regaluxiluminacion.com\/blog\/wp-content\/uploads\/2022\/07\/Regalux-32-300x300.png 300w, https:\/\/www.regaluxiluminacion.com\/blog\/wp-content\/uploads\/2022\/07\/Regalux-32-100x100.png 100w, https:\/\/www.regaluxiluminacion.com\/blog\/wp-content\/uploads\/2022\/07\/Regalux-32-600x600.png 600w, https:\/\/www.regaluxiluminacion.com\/blog\/wp-content\/uploads\/2022\/07\/Regalux-32-1024x1024.png 1024w, https:\/\/www.regaluxiluminacion.com\/blog\/wp-content\/uploads\/2022\/07\/Regalux-32-150x150.png 150w, https:\/\/www.regaluxiluminacion.com\/blog\/wp-content\/uploads\/2022\/07\/Regalux-32-768x768.png 768w, https:\/\/www.regaluxiluminacion.com\/blog\/wp-content\/uploads\/2022\/07\/Regalux-32-440x440.png 440w, https:\/\/www.regaluxiluminacion.com\/blog\/wp-content\/uploads\/2022\/07\/Regalux-32.png 1080w\" sizes=\"(max-width: 300px) 100vw, 300px\" \/><\/a><\/p>\n<h5><strong>Tendencia minimalista<\/strong><\/h5>\n<p>En ocasiones, la belleza se esconde en la sencillez, al igual que ocurre con nuestra l\u00e1mpara de pie Extend. Otorga estabilidad, personalidad y se integra en cualquier estilo decorativo. Un dise\u00f1o atemporal<\/p>\n<p><a href=\"https:\/\/www.regaluxiluminacion.com\/blog\/wp-content\/uploads\/2022\/07\/Regalux-33.png\"><img loading=\"lazy\" decoding=\"async\" class=\"size-medium wp-image-658 aligncenter\" src=\"https:\/\/www.regaluxiluminacion.com\/blog\/wp-content\/uploads\/2022\/07\/Regalux-33-300x300.png\" alt=\"\" width=\"300\" height=\"300\" srcset=\"https:\/\/www.regaluxiluminacion.com\/blog\/wp-content\/uploads\/2022\/07\/Regalux-33-300x300.png 300w, https:\/\/www.regaluxiluminacion.com\/blog\/wp-content\/uploads\/2022\/07\/Regalux-33-100x100.png 100w, https:\/\/www.regaluxiluminacion.com\/blog\/wp-content\/uploads\/2022\/07\/Regalux-33-600x600.png 600w, https:\/\/www.regaluxiluminacion.com\/blog\/wp-content\/uploads\/2022\/07\/Regalux-33-1024x1024.png 1024w, https:\/\/www.regaluxiluminacion.com\/blog\/wp-content\/uploads\/2022\/07\/Regalux-33-150x150.png 150w, https:\/\/www.regaluxiluminacion.com\/blog\/wp-content\/uploads\/2022\/07\/Regalux-33-768x768.png 768w, https:\/\/www.regaluxiluminacion.com\/blog\/wp-content\/uploads\/2022\/07\/Regalux-33-440x440.png 440w, https:\/\/www.regaluxiluminacion.com\/blog\/wp-content\/uploads\/2022\/07\/Regalux-33.png 1080w\" sizes=\"(max-width: 300px) 100vw, 300px\" \/><\/a><\/p>\n<h5><strong>Escultural<\/strong><\/h5>\n<p>C\u00e1lida y luminosa. Capaz de aportar sofisticaci\u00f3n y \u201cgalmour\u201d all\u00ed donde este.<\/p>\n<p><a href=\"https:\/\/www.regaluxiluminacion.com\/blog\/wp-content\/uploads\/2022\/07\/Regalux-34.png\"><img loading=\"lazy\" decoding=\"async\" class=\"size-medium wp-image-657 aligncenter\" src=\"https:\/\/www.regaluxiluminacion.com\/blog\/wp-content\/uploads\/2022\/07\/Regalux-34-300x300.png\" alt=\"\" width=\"300\" height=\"300\" srcset=\"https:\/\/www.regaluxiluminacion.com\/blog\/wp-content\/uploads\/2022\/07\/Regalux-34-300x300.png 300w, https:\/\/www.regaluxiluminacion.com\/blog\/wp-content\/uploads\/2022\/07\/Regalux-34-100x100.png 100w, https:\/\/www.regaluxiluminacion.com\/blog\/wp-content\/uploads\/2022\/07\/Regalux-34-600x600.png 600w, https:\/\/www.regaluxiluminacion.com\/blog\/wp-content\/uploads\/2022\/07\/Regalux-34-1024x1024.png 1024w, https:\/\/www.regaluxiluminacion.com\/blog\/wp-content\/uploads\/2022\/07\/Regalux-34-150x150.png 150w, https:\/\/www.regaluxiluminacion.com\/blog\/wp-content\/uploads\/2022\/07\/Regalux-34-768x768.png 768w, https:\/\/www.regaluxiluminacion.com\/blog\/wp-content\/uploads\/2022\/07\/Regalux-34-440x440.png 440w, https:\/\/www.regaluxiluminacion.com\/blog\/wp-content\/uploads\/2022\/07\/Regalux-34.png 1080w\" sizes=\"(max-width: 300px) 100vw, 300px\" \/><\/a><\/p>\n<h5><strong>Vintage e innovaci\u00f3n<\/strong><\/h5>\n<p>Lo vintage esta de moda, pero siempre renov\u00e1ndose. Aqu\u00ed tenemos el ejemplo perfecto de ello. Dise\u00f1o original capaz de aportar un toque ideal a ambientes tanto cl\u00e1sicos como contempor\u00e1neos.<\/p>\n<p><a href=\"https:\/\/www.regaluxiluminacion.com\/blog\/wp-content\/uploads\/2022\/07\/Regalux-35.png\"><img loading=\"lazy\" decoding=\"async\" class=\"size-medium wp-image-656 aligncenter\" src=\"https:\/\/www.regaluxiluminacion.com\/blog\/wp-content\/uploads\/2022\/07\/Regalux-35-300x300.png\" alt=\"Tendencias l\u00e1mparas de pie y sobremesa\" width=\"300\" height=\"300\" srcset=\"https:\/\/www.regaluxiluminacion.com\/blog\/wp-content\/uploads\/2022\/07\/Regalux-35-300x300.png 300w, https:\/\/www.regaluxiluminacion.com\/blog\/wp-content\/uploads\/2022\/07\/Regalux-35-100x100.png 100w, https:\/\/www.regaluxiluminacion.com\/blog\/wp-content\/uploads\/2022\/07\/Regalux-35-600x600.png 600w, https:\/\/www.regaluxiluminacion.com\/blog\/wp-content\/uploads\/2022\/07\/Regalux-35-1024x1024.png 1024w, https:\/\/www.regaluxiluminacion.com\/blog\/wp-content\/uploads\/2022\/07\/Regalux-35-150x150.png 150w, https:\/\/www.regaluxiluminacion.com\/blog\/wp-content\/uploads\/2022\/07\/Regalux-35-768x768.png 768w, https:\/\/www.regaluxiluminacion.com\/blog\/wp-content\/uploads\/2022\/07\/Regalux-35-440x440.png 440w, https:\/\/www.regaluxiluminacion.com\/blog\/wp-content\/uploads\/2022\/07\/Regalux-35.png 1080w\" sizes=\"(max-width: 300px) 100vw, 300px\" \/><\/a><\/p>\n","protected":false},"excerpt":{"rendered":"<p>Las l\u00e1mparas ayudan a definir diferentes zonas en un mismo ambiente, nos permiten crear sensaciones y a\u00f1adir un toque extra de decoraci\u00f3n \u00a1Adem\u00e1s de su propia utilidad dentro del proyecto lum\u00ednico de tu hogar! Te contamos las \u00faltimas tendencias de l\u00e1mparas de pie y sobremesa para darte algunas ideas Tendencias l\u00e1mparas de pie y sobremesa [&hellip;]<\/p>\n","protected":false},"author":2,"featured_media":655,"comment_status":"closed","ping_status":"closed","sticky":false,"template":"","format":"standard","meta":{"_et_pb_use_builder":"","_et_pb_old_content":"","_et_gb_content_width":"","_jetpack_memberships_contains_paid_content":false,"_joinchat":[],"footnotes":""},"categories":[22,1],"tags":[],"class_list":["post-654","post","type-post","status-publish","format-standard","has-post-thumbnail","hentry","category-decoracion","category-iluminacion"],"jetpack_featured_media_url":"https:\/\/www.regaluxiluminacion.com\/blog\/wp-content\/uploads\/2022\/07\/bed-1839184_1920.jpg","jetpack_sharing_enabled":true,"_links":{"self":[{"href":"https:\/\/www.regaluxiluminacion.com\/blog\/wp-json\/wp\/v2\/posts\/654","targetHints":{"allow":["GET"]}}],"collection":[{"href":"https:\/\/www.regaluxiluminacion.com\/blog\/wp-json\/wp\/v2\/posts"}],"about":[{"href":"https:\/\/www.regaluxiluminacion.com\/blog\/wp-json\/wp\/v2\/types\/post"}],"author":[{"embeddable":true,"href":"https:\/\/www.regaluxiluminacion.com\/blog\/wp-json\/wp\/v2\/users\/2"}],"replies":[{"embeddable":true,"href":"https:\/\/www.regaluxiluminacion.com\/blog\/wp-json\/wp\/v2\/comments?post=654"}],"version-history":[{"count":1,"href":"https:\/\/www.regaluxiluminacion.com\/blog\/wp-json\/wp\/v2\/posts\/654\/revisions"}],"predecessor-version":[{"id":661,"href":"https:\/\/www.regaluxiluminacion.com\/blog\/wp-json\/wp\/v2\/posts\/654\/revisions\/661"}],"wp:featuredmedia":[{"embeddable":true,"href":"https:\/\/www.regaluxiluminacion.com\/blog\/wp-json\/wp\/v2\/media\/655"}],"wp:attachment":[{"href":"https:\/\/www.regaluxiluminacion.com\/blog\/wp-json\/wp\/v2\/media?parent=654"}],"wp:term":[{"taxonomy":"category","embeddable":true,"href":"https:\/\/www.regaluxiluminacion.com\/blog\/wp-json\/wp\/v2\/categories?post=654"},{"taxonomy":"post_tag","embeddable":true,"href":"https:\/\/www.regaluxiluminacion.com\/blog\/wp-json\/wp\/v2\/tags?post=654"}],"curies":[{"name":"wp","href":"https:\/\/api.w.org\/{rel}","templated":true}]}}