{"id":664,"date":"2022-08-23T06:29:31","date_gmt":"2022-08-23T06:29:31","guid":{"rendered":"https:\/\/www.regaluxiluminacion.com\/blog\/?p=664"},"modified":"2022-12-14T10:36:08","modified_gmt":"2022-12-14T10:36:08","slug":"proyectos-de-iluminacion-pastelerias-la-rosa","status":"publish","type":"post","link":"https:\/\/www.regaluxiluminacion.com\/blog\/proyectos-de-iluminacion-pastelerias-la-rosa\/","title":{"rendered":"Proyectos de iluminaci\u00f3n: Pasteler\u00edas La Rosa"},"content":{"rendered":"<p>Compartimos aqu\u00ed un nuevo proyecto de iluminaci\u00f3n, esta vez en la Pasteler\u00edas La Rosa de Alc\u00e1zar de San Juan. Preciosa armon\u00eda visual e iluminaci\u00f3n, acorde al estilo que se quer\u00eda reflejar en la pasteler\u00eda \u00a1La iluminaci\u00f3n perfecta para relajarte y disfrutar mientras tomas una caf\u00e9 con tus amigos!<\/p>\n<p>Desde Regalux agradecemos la confianza depositada en nuestro equipo: siempre es un placer llevar a cabo proyectos as\u00ed.<\/p>\n<p><a href=\"https:\/\/www.regaluxiluminacion.com\/blog\/wp-content\/uploads\/2022\/08\/Regalux-41.png\"><img loading=\"lazy\" decoding=\"async\" class=\"aligncenter wp-image-666 size-large\" src=\"https:\/\/www.regaluxiluminacion.com\/blog\/wp-content\/uploads\/2022\/08\/Regalux-41-1024x1024.png\" alt=\"\" width=\"1024\" height=\"1024\" srcset=\"https:\/\/www.regaluxiluminacion.com\/blog\/wp-content\/uploads\/2022\/08\/Regalux-41-1024x1024.png 1024w, https:\/\/www.regaluxiluminacion.com\/blog\/wp-content\/uploads\/2022\/08\/Regalux-41-300x300.png 300w, https:\/\/www.regaluxiluminacion.com\/blog\/wp-content\/uploads\/2022\/08\/Regalux-41-100x100.png 100w, https:\/\/www.regaluxiluminacion.com\/blog\/wp-content\/uploads\/2022\/08\/Regalux-41-600x600.png 600w, https:\/\/www.regaluxiluminacion.com\/blog\/wp-content\/uploads\/2022\/08\/Regalux-41-150x150.png 150w, https:\/\/www.regaluxiluminacion.com\/blog\/wp-content\/uploads\/2022\/08\/Regalux-41-768x768.png 768w, https:\/\/www.regaluxiluminacion.com\/blog\/wp-content\/uploads\/2022\/08\/Regalux-41-440x440.png 440w, https:\/\/www.regaluxiluminacion.com\/blog\/wp-content\/uploads\/2022\/08\/Regalux-41.png 1080w\" sizes=\"(max-width: 1024px) 100vw, 1024px\" \/><\/a> <a href=\"https:\/\/www.regaluxiluminacion.com\/blog\/wp-content\/uploads\/2022\/08\/Regalux-42.png\"><img loading=\"lazy\" decoding=\"async\" class=\"aligncenter wp-image-665 size-large\" src=\"https:\/\/www.regaluxiluminacion.com\/blog\/wp-content\/uploads\/2022\/08\/Regalux-42-1024x1024.png\" alt=\"\" width=\"1024\" height=\"1024\" srcset=\"https:\/\/www.regaluxiluminacion.com\/blog\/wp-content\/uploads\/2022\/08\/Regalux-42-1024x1024.png 1024w, https:\/\/www.regaluxiluminacion.com\/blog\/wp-content\/uploads\/2022\/08\/Regalux-42-300x300.png 300w, https:\/\/www.regaluxiluminacion.com\/blog\/wp-content\/uploads\/2022\/08\/Regalux-42-100x100.png 100w, https:\/\/www.regaluxiluminacion.com\/blog\/wp-content\/uploads\/2022\/08\/Regalux-42-600x600.png 600w, https:\/\/www.regaluxiluminacion.com\/blog\/wp-content\/uploads\/2022\/08\/Regalux-42-150x150.png 150w, https:\/\/www.regaluxiluminacion.com\/blog\/wp-content\/uploads\/2022\/08\/Regalux-42-768x768.png 768w, https:\/\/www.regaluxiluminacion.com\/blog\/wp-content\/uploads\/2022\/08\/Regalux-42-440x440.png 440w, https:\/\/www.regaluxiluminacion.com\/blog\/wp-content\/uploads\/2022\/08\/Regalux-42.png 1080w\" sizes=\"(max-width: 1024px) 100vw, 1024px\" \/><\/a><\/p>\n<blockquote><p>&nbsp;<\/p>\n<p><strong>\u00bfTe gustar\u00eda algo as\u00ed para tu negocio? \u00a1Recuerda que tu local tambi\u00e9n puede lucir su mejor aspecto! En Regalux estamos a tu disposici\u00f3n para realizar todo tipo de proyectos de iluminaci\u00f3n, desarrollando tambi\u00e9n un servicio de instalaci\u00f3n el\u00e9ctrica. Cu\u00e9ntanos tu idea y solicita informaci\u00f3n sin compromiso. Queremos asesorarte para que tu empresa luzca, literalmente, \u00a1con luz propia!<\/strong><\/p>\n<p>&nbsp;<\/p><\/blockquote>\n","protected":false},"excerpt":{"rendered":"<p>Compartimos aqu\u00ed un nuevo proyecto de iluminaci\u00f3n, esta vez en la Pasteler\u00edas La Rosa de Alc\u00e1zar de San Juan. Preciosa armon\u00eda visual e iluminaci\u00f3n, acorde al estilo que se quer\u00eda reflejar en la pasteler\u00eda \u00a1La iluminaci\u00f3n perfecta para relajarte y disfrutar mientras tomas una caf\u00e9 con tus amigos! Desde Regalux agradecemos la confianza depositada en [&hellip;]<\/p>\n","protected":false},"author":2,"featured_media":667,"comment_status":"closed","ping_status":"closed","sticky":false,"template":"","format":"standard","meta":{"_et_pb_use_builder":"","_et_pb_old_content":"","_et_gb_content_width":"","_jetpack_memberships_contains_paid_content":false,"_joinchat":[],"footnotes":""},"categories":[1],"tags":[],"class_list":["post-664","post","type-post","status-publish","format-standard","has-post-thumbnail","hentry","category-iluminacion"],"jetpack_featured_media_url":"https:\/\/www.regaluxiluminacion.com\/blog\/wp-content\/uploads\/2022\/08\/Regalux-40.png","jetpack_sharing_enabled":true,"_links":{"self":[{"href":"https:\/\/www.regaluxiluminacion.com\/blog\/wp-json\/wp\/v2\/posts\/664","targetHints":{"allow":["GET"]}}],"collection":[{"href":"https:\/\/www.regaluxiluminacion.com\/blog\/wp-json\/wp\/v2\/posts"}],"about":[{"href":"https:\/\/www.regaluxiluminacion.com\/blog\/wp-json\/wp\/v2\/types\/post"}],"author":[{"embeddable":true,"href":"https:\/\/www.regaluxiluminacion.com\/blog\/wp-json\/wp\/v2\/users\/2"}],"replies":[{"embeddable":true,"href":"https:\/\/www.regaluxiluminacion.com\/blog\/wp-json\/wp\/v2\/comments?post=664"}],"version-history":[{"count":1,"href":"https:\/\/www.regaluxiluminacion.com\/blog\/wp-json\/wp\/v2\/posts\/664\/revisions"}],"predecessor-version":[{"id":668,"href":"https:\/\/www.regaluxiluminacion.com\/blog\/wp-json\/wp\/v2\/posts\/664\/revisions\/668"}],"wp:featuredmedia":[{"embeddable":true,"href":"https:\/\/www.regaluxiluminacion.com\/blog\/wp-json\/wp\/v2\/media\/667"}],"wp:attachment":[{"href":"https:\/\/www.regaluxiluminacion.com\/blog\/wp-json\/wp\/v2\/media?parent=664"}],"wp:term":[{"taxonomy":"category","embeddable":true,"href":"https:\/\/www.regaluxiluminacion.com\/blog\/wp-json\/wp\/v2\/categories?post=664"},{"taxonomy":"post_tag","embeddable":true,"href":"https:\/\/www.regaluxiluminacion.com\/blog\/wp-json\/wp\/v2\/tags?post=664"}],"curies":[{"name":"wp","href":"https:\/\/api.w.org\/{rel}","templated":true}]}}