{"id":703,"date":"2023-01-10T09:28:15","date_gmt":"2023-01-10T09:28:15","guid":{"rendered":"https:\/\/www.regaluxiluminacion.com\/blog\/?p=703"},"modified":"2023-01-10T09:28:15","modified_gmt":"2023-01-10T09:28:15","slug":"como-elegir-la-lampara-de-techo-para-el-dormitorio","status":"publish","type":"post","link":"https:\/\/www.regaluxiluminacion.com\/blog\/como-elegir-la-lampara-de-techo-para-el-dormitorio\/","title":{"rendered":"\u00bfC\u00f3mo elegir la l\u00e1mpara de techo para el dormitorio?"},"content":{"rendered":"<p>Las l\u00e1mparas de techo son una parte fundamental de la iluminaci\u00f3n del hogar. En cuanto al dormitorio, es igual de importante, tanto por la est\u00e9tica como por el nivel de luz que queremos para nuestro cuarto. Entonces \u00bfC\u00f3mo elegir la l\u00e1mpara de techo para el dormitorio?<\/p>\n<p>Habitualmente, uno de los puntos de luz principales de los dormitorios cae sobre la cama, por lo que es f\u00e1cil jugar con tama\u00f1os y utilizar l\u00e1mparas que en otros lugares podr\u00edan \u201cmolestar\u201d en el paso. Como la l\u00e1mpara de techo que coloques, debe encajar con el resto de la decoraci\u00f3n, te ofrecemos algunas ideas y estilos para que puedas encontrar el que mejor va contigo.<\/p>\n<h3>\u00bfC\u00f3mo elegir la l\u00e1mpara de techo para el dormitorio?<\/h3>\n<p><strong>Plaf\u00f3n de techo<\/strong><\/p>\n<p>Los plafones son muy socorridos para cualquier punto de iluminaci\u00f3n de la casa. En el dormitorio son especialmente adecuados si no se dispone de demasiada altura. Adem\u00e1s, hay tantos modelos diferentes (de cristal, textil, orientable\u2026) que es realmente f\u00e1cil dar con uno que encaje con tu estilo.<\/p>\n<p><strong>L\u00e1mpara de ara\u00f1a<\/strong><\/p>\n<p>Son el tipo de l\u00e1mpara m\u00e1s cl\u00e1sica, pero con los a\u00f1os se han ido actualizado. Si tu dormitorio es de estilo cl\u00e1sico o r\u00fastico, existe un mont\u00f3n de modelos que encajar\u00e1n a la perfecci\u00f3n. Por ejemplo, esta l\u00e1mpara de oro viejo con tulipa: cl\u00e1sica y elegante.<\/p>\n<p><a href=\"https:\/\/www.regaluxiluminacion.com\/blog\/wp-content\/uploads\/2023\/01\/Regalux-75-1.png\"><img loading=\"lazy\" decoding=\"async\" class=\"aligncenter wp-image-706 size-medium\" src=\"https:\/\/www.regaluxiluminacion.com\/blog\/wp-content\/uploads\/2023\/01\/Regalux-75-1-300x300.png\" alt=\"\" width=\"300\" height=\"300\" srcset=\"https:\/\/www.regaluxiluminacion.com\/blog\/wp-content\/uploads\/2023\/01\/Regalux-75-1-300x300.png 300w, https:\/\/www.regaluxiluminacion.com\/blog\/wp-content\/uploads\/2023\/01\/Regalux-75-1-100x100.png 100w, https:\/\/www.regaluxiluminacion.com\/blog\/wp-content\/uploads\/2023\/01\/Regalux-75-1-150x150.png 150w, https:\/\/www.regaluxiluminacion.com\/blog\/wp-content\/uploads\/2023\/01\/Regalux-75-1-440x440.png 440w, https:\/\/www.regaluxiluminacion.com\/blog\/wp-content\/uploads\/2023\/01\/Regalux-75-1.png 540w\" sizes=\"(max-width: 300px) 100vw, 300px\" \/><\/a><\/p>\n<p><strong>L\u00e1mpara colgante<\/strong><\/p>\n<p>Hay infinidad de l\u00e1mparas colgantes. Las puedes encontrar en cualquier estilo, colores o materiales. El secreto est\u00e1 en no limitarse e ir con la mente abierta. \u00bfQu\u00e9 os parece esta lampara de estilo contempor\u00e1neo? Su elegancia se adapta a los estilos de vida c\u00f3modos y la luz se puede regular para las distintas actividades que se realizan en el dormitorio.<\/p>\n<p><a href=\"https:\/\/www.regaluxiluminacion.com\/blog\/wp-content\/uploads\/2023\/01\/Regalux-69.png\"><img loading=\"lazy\" decoding=\"async\" class=\"aligncenter wp-image-707 size-medium\" src=\"https:\/\/www.regaluxiluminacion.com\/blog\/wp-content\/uploads\/2023\/01\/Regalux-69-300x300.png\" alt=\"\" width=\"300\" height=\"300\" srcset=\"https:\/\/www.regaluxiluminacion.com\/blog\/wp-content\/uploads\/2023\/01\/Regalux-69-300x300.png 300w, https:\/\/www.regaluxiluminacion.com\/blog\/wp-content\/uploads\/2023\/01\/Regalux-69-100x100.png 100w, https:\/\/www.regaluxiluminacion.com\/blog\/wp-content\/uploads\/2023\/01\/Regalux-69-600x600.png 600w, https:\/\/www.regaluxiluminacion.com\/blog\/wp-content\/uploads\/2023\/01\/Regalux-69-1024x1024.png 1024w, https:\/\/www.regaluxiluminacion.com\/blog\/wp-content\/uploads\/2023\/01\/Regalux-69-150x150.png 150w, https:\/\/www.regaluxiluminacion.com\/blog\/wp-content\/uploads\/2023\/01\/Regalux-69-768x768.png 768w, https:\/\/www.regaluxiluminacion.com\/blog\/wp-content\/uploads\/2023\/01\/Regalux-69-440x440.png 440w, https:\/\/www.regaluxiluminacion.com\/blog\/wp-content\/uploads\/2023\/01\/Regalux-69.png 1080w\" sizes=\"(max-width: 300px) 100vw, 300px\" \/><\/a><\/p>\n<p><strong>L\u00e1mparas industriales o vintage<\/strong><\/p>\n<p>Las l\u00e1mparas industriales o vintage son tendencia desde hace varios a\u00f1os. El toque met\u00e1lico de las industriales y el antiguo, pero moderno, de las vintage es lo que est\u00e1s buscando para estar a la \u00faltima.<\/p>\n<p><strong>Ventiladores con luz<\/strong><\/p>\n<p>La soluci\u00f3n perfecta, sobre todo en verano, es un ventilador con luz. Actualmente hay modelos silenciosos ideales para las calurosas noches de verano.<\/p>\n<p><a href=\"https:\/\/www.regaluxiluminacion.com\/blog\/wp-content\/uploads\/2023\/01\/Regalux-73.png\"><img loading=\"lazy\" decoding=\"async\" class=\"size-medium wp-image-708 aligncenter\" src=\"https:\/\/www.regaluxiluminacion.com\/blog\/wp-content\/uploads\/2023\/01\/Regalux-73-300x300.png\" alt=\"C\u00f3mo elegir la l\u00e1mpara de techo para el dormitorio\" width=\"300\" height=\"300\" srcset=\"https:\/\/www.regaluxiluminacion.com\/blog\/wp-content\/uploads\/2023\/01\/Regalux-73-300x300.png 300w, https:\/\/www.regaluxiluminacion.com\/blog\/wp-content\/uploads\/2023\/01\/Regalux-73-100x100.png 100w, https:\/\/www.regaluxiluminacion.com\/blog\/wp-content\/uploads\/2023\/01\/Regalux-73-600x600.png 600w, https:\/\/www.regaluxiluminacion.com\/blog\/wp-content\/uploads\/2023\/01\/Regalux-73-1024x1024.png 1024w, https:\/\/www.regaluxiluminacion.com\/blog\/wp-content\/uploads\/2023\/01\/Regalux-73-150x150.png 150w, https:\/\/www.regaluxiluminacion.com\/blog\/wp-content\/uploads\/2023\/01\/Regalux-73-768x768.png 768w, https:\/\/www.regaluxiluminacion.com\/blog\/wp-content\/uploads\/2023\/01\/Regalux-73-440x440.png 440w, https:\/\/www.regaluxiluminacion.com\/blog\/wp-content\/uploads\/2023\/01\/Regalux-73.png 1080w\" sizes=\"(max-width: 300px) 100vw, 300px\" \/><\/a><\/p>\n<p><strong>Focos empotrables<\/strong><\/p>\n<p>Los focos en el techo son perfectos para disponer de una iluminaci\u00f3n funcional. Para ello, podemos jugar con su colocaci\u00f3n, con los grados de apertura de las luces, la intensidad de la bombilla. Ideal para no recargar la decoraci\u00f3n del dormitorio o dejar espacios di\u00e1fanos.<\/p>\n<p>&nbsp;<\/p>\n","protected":false},"excerpt":{"rendered":"<p>Las l\u00e1mparas de techo son una parte fundamental de la iluminaci\u00f3n del hogar. En cuanto al dormitorio, es igual de importante, tanto por la est\u00e9tica como por el nivel de luz que queremos para nuestro cuarto. Entonces \u00bfC\u00f3mo elegir la l\u00e1mpara de techo para el dormitorio? Habitualmente, uno de los puntos de luz principales de [&hellip;]<\/p>\n","protected":false},"author":2,"featured_media":705,"comment_status":"closed","ping_status":"open","sticky":false,"template":"","format":"standard","meta":{"_et_pb_use_builder":"","_et_pb_old_content":"","_et_gb_content_width":"","_jetpack_memberships_contains_paid_content":false,"_joinchat":[],"footnotes":""},"categories":[1],"tags":[],"class_list":["post-703","post","type-post","status-publish","format-standard","has-post-thumbnail","hentry","category-iluminacion"],"jetpack_featured_media_url":"https:\/\/www.regaluxiluminacion.com\/blog\/wp-content\/uploads\/2023\/01\/bedroom-5772286_640.jpg","jetpack_sharing_enabled":true,"_links":{"self":[{"href":"https:\/\/www.regaluxiluminacion.com\/blog\/wp-json\/wp\/v2\/posts\/703","targetHints":{"allow":["GET"]}}],"collection":[{"href":"https:\/\/www.regaluxiluminacion.com\/blog\/wp-json\/wp\/v2\/posts"}],"about":[{"href":"https:\/\/www.regaluxiluminacion.com\/blog\/wp-json\/wp\/v2\/types\/post"}],"author":[{"embeddable":true,"href":"https:\/\/www.regaluxiluminacion.com\/blog\/wp-json\/wp\/v2\/users\/2"}],"replies":[{"embeddable":true,"href":"https:\/\/www.regaluxiluminacion.com\/blog\/wp-json\/wp\/v2\/comments?post=703"}],"version-history":[{"count":2,"href":"https:\/\/www.regaluxiluminacion.com\/blog\/wp-json\/wp\/v2\/posts\/703\/revisions"}],"predecessor-version":[{"id":709,"href":"https:\/\/www.regaluxiluminacion.com\/blog\/wp-json\/wp\/v2\/posts\/703\/revisions\/709"}],"wp:featuredmedia":[{"embeddable":true,"href":"https:\/\/www.regaluxiluminacion.com\/blog\/wp-json\/wp\/v2\/media\/705"}],"wp:attachment":[{"href":"https:\/\/www.regaluxiluminacion.com\/blog\/wp-json\/wp\/v2\/media?parent=703"}],"wp:term":[{"taxonomy":"category","embeddable":true,"href":"https:\/\/www.regaluxiluminacion.com\/blog\/wp-json\/wp\/v2\/categories?post=703"},{"taxonomy":"post_tag","embeddable":true,"href":"https:\/\/www.regaluxiluminacion.com\/blog\/wp-json\/wp\/v2\/tags?post=703"}],"curies":[{"name":"wp","href":"https:\/\/api.w.org\/{rel}","templated":true}]}}