{"id":746,"date":"2023-06-22T10:07:17","date_gmt":"2023-06-22T10:07:17","guid":{"rendered":"https:\/\/www.regaluxiluminacion.com\/blog\/?p=746"},"modified":"2023-06-22T10:07:17","modified_gmt":"2023-06-22T10:07:17","slug":"tendencias-en-iluminacion-decorativa","status":"publish","type":"post","link":"https:\/\/www.regaluxiluminacion.com\/blog\/tendencias-en-iluminacion-decorativa\/","title":{"rendered":"Tendencias en iluminaci\u00f3n decorativa"},"content":{"rendered":"<p>\u00bfEst\u00e1s pensando en renovar la iluminaci\u00f3n de tu hogar? Antes de que te pongas a ello, echa un vistazo a las \u00faltimas tendencias en iluminaci\u00f3n decorativa para que tu casa luzca moderna y con estilo.<\/p>\n<h3><strong>Tendencias en iluminaci\u00f3n decorativa<\/strong><\/h3>\n<p>Hoy en d\u00eda hay infinidad de opciones para iluminar un hogar. Adem\u00e1s, ya no solo se busca la funci\u00f3n principal, que es iluminar, ahora tambi\u00e9n se busca un plus de dise\u00f1o. Algo que refleje nuestra personalidad y combine con el resto de la decoraci\u00f3n. A continuaci\u00f3n os damos algunos ejemplos de tendencias actuales \u00a1Tu casa siempre al d\u00eda!<\/p>\n<h4>Color negro<\/h4>\n<p>Lleva en tendencia a\u00f1os y no es de extra\u00f1ar. Es f\u00e1cil de combinar, elegante, sofisticado, actual\u2026 El negro es siempre bienvenido en cualquier estilo decorativo. Sea cual sea el color protagonista una pincelada de negro subir\u00e1 el estilo de la estancia.<\/p>\n<p>Por aqu\u00ed os dejamos un ejemplo perfecto de como una lampara de pie en color negro puede ser una opci\u00f3n ideal<\/p>\n<p><em><strong>L\u00e1mpara De Pie De Metal Negro Con Pantalla De Tela Negra \u2013 ONA: <\/strong><\/em><\/p>\n<p>L\u00e1mpara de pie de sal\u00f3n con estructura de tr\u00edpode de metal negro y pantalla negra encintada. Esta mezcla de materiales, da como resultado una pieza elegante y contempor\u00e1nea. Gracias a su dise\u00f1o vers\u00e1til podemos situarla en cualquier rinc\u00f3n de nuestro hogar, ya que, sin duda, crear\u00e1 un ambiente acogedor llen\u00e1ndolo de personalidad. El cable va por dentro del tubo lo que le otorga un acabado limpio. Con casquillo E27 y cable de color negro con interruptor de pie.<\/p>\n<p><a href=\"https:\/\/www.regaluxiluminacion.com\/blog\/wp-content\/uploads\/2023\/06\/lampara-de-pie-de-metal-negro-con-panatalla-de-tela-negra-ona.jpg\"><img loading=\"lazy\" decoding=\"async\" class=\"aligncenter wp-image-751 size-full\" src=\"https:\/\/www.regaluxiluminacion.com\/blog\/wp-content\/uploads\/2023\/06\/lampara-de-pie-de-metal-negro-con-panatalla-de-tela-negra-ona.jpg\" alt=\"\" width=\"800\" height=\"800\" srcset=\"https:\/\/www.regaluxiluminacion.com\/blog\/wp-content\/uploads\/2023\/06\/lampara-de-pie-de-metal-negro-con-panatalla-de-tela-negra-ona.jpg 800w, https:\/\/www.regaluxiluminacion.com\/blog\/wp-content\/uploads\/2023\/06\/lampara-de-pie-de-metal-negro-con-panatalla-de-tela-negra-ona-300x300.jpg 300w, https:\/\/www.regaluxiluminacion.com\/blog\/wp-content\/uploads\/2023\/06\/lampara-de-pie-de-metal-negro-con-panatalla-de-tela-negra-ona-100x100.jpg 100w, https:\/\/www.regaluxiluminacion.com\/blog\/wp-content\/uploads\/2023\/06\/lampara-de-pie-de-metal-negro-con-panatalla-de-tela-negra-ona-600x600.jpg 600w, https:\/\/www.regaluxiluminacion.com\/blog\/wp-content\/uploads\/2023\/06\/lampara-de-pie-de-metal-negro-con-panatalla-de-tela-negra-ona-150x150.jpg 150w, https:\/\/www.regaluxiluminacion.com\/blog\/wp-content\/uploads\/2023\/06\/lampara-de-pie-de-metal-negro-con-panatalla-de-tela-negra-ona-768x768.jpg 768w, https:\/\/www.regaluxiluminacion.com\/blog\/wp-content\/uploads\/2023\/06\/lampara-de-pie-de-metal-negro-con-panatalla-de-tela-negra-ona-440x440.jpg 440w\" sizes=\"(max-width: 800px) 100vw, 800px\" \/><\/a><\/p>\n<h4><strong>Cannage<\/strong><\/h4>\n<p>Tambi\u00e9n conocido como rejilla, es un material que empez\u00f3 poco a poco hace unos a\u00f1os y ahora est\u00e1 presente sobre todo en mobiliario. Actualmente, se ve tambi\u00e9n mucho en l\u00e1mparas dando un toque retro, pero moderno. Todo vuelve, por esa tendencia a la nostalgia, pero siempre con toques actualizados para que se mimetice con la era actual.<\/p>\n<p>En est\u00e1 ocasi\u00f3n, os mostramos un ejemplo de una l\u00e1mpara de sobre mesa de rat\u00e1n natural.<\/p>\n<p><em><strong>L\u00e1mpara De Mesa De Rat\u00e1n Y Madera &#8211; WALA<\/strong><\/em><\/p>\n<p>L\u00e1mpara de sobremesa con pantalla de rat\u00e1n natural y base con patas de madera. Esta pieza tiene la capacidad de transformar cualquier ambiente en un espacio acogedor. Su pantalla de fibras naturales y su base de madera en tonos claros, dar\u00e1n un toque personal y sencillo a cualquier estancia. Gracias a la su pantalla, la luz se proyecta de manera tamizada aportando as\u00ed calidez y sensaci\u00f3n de confort. WALA combina con todos los estilos decorativos y funciona con casquillo E27.<\/p>\n<p><a href=\"https:\/\/www.regaluxiluminacion.com\/blog\/wp-content\/uploads\/2023\/06\/lampara-de-mesa-de-ratan-y-madera-wala.jpg\"><img loading=\"lazy\" decoding=\"async\" class=\"aligncenter wp-image-750 size-full\" src=\"https:\/\/www.regaluxiluminacion.com\/blog\/wp-content\/uploads\/2023\/06\/lampara-de-mesa-de-ratan-y-madera-wala.jpg\" alt=\"Tendencias en iluminaci\u00f3n decorativa\" width=\"800\" height=\"800\" srcset=\"https:\/\/www.regaluxiluminacion.com\/blog\/wp-content\/uploads\/2023\/06\/lampara-de-mesa-de-ratan-y-madera-wala.jpg 800w, https:\/\/www.regaluxiluminacion.com\/blog\/wp-content\/uploads\/2023\/06\/lampara-de-mesa-de-ratan-y-madera-wala-300x300.jpg 300w, https:\/\/www.regaluxiluminacion.com\/blog\/wp-content\/uploads\/2023\/06\/lampara-de-mesa-de-ratan-y-madera-wala-100x100.jpg 100w, https:\/\/www.regaluxiluminacion.com\/blog\/wp-content\/uploads\/2023\/06\/lampara-de-mesa-de-ratan-y-madera-wala-600x600.jpg 600w, https:\/\/www.regaluxiluminacion.com\/blog\/wp-content\/uploads\/2023\/06\/lampara-de-mesa-de-ratan-y-madera-wala-150x150.jpg 150w, https:\/\/www.regaluxiluminacion.com\/blog\/wp-content\/uploads\/2023\/06\/lampara-de-mesa-de-ratan-y-madera-wala-768x768.jpg 768w, https:\/\/www.regaluxiluminacion.com\/blog\/wp-content\/uploads\/2023\/06\/lampara-de-mesa-de-ratan-y-madera-wala-440x440.jpg 440w\" sizes=\"(max-width: 800px) 100vw, 800px\" \/><\/a><\/p>\n<h4><strong>Plafones para el dormitorio<\/strong><\/h4>\n<p>Los plafones hechos a medida ofrecen un opci\u00f3n llena de posibilidades para el dormitorio -tambi\u00e9n en salones-. Son una opci\u00f3n decorativa sencilla, por lo que no quita protagonismo al resto de la decoraci\u00f3n. Adem\u00e1s, son muy aconsejables en estancias con techos bajos o peque\u00f1as.<\/p>\n<p><strong><em>Plaf\u00f3n Blanco De ABS Y Metal 55cm &#8211; F\u00c4RG<\/em><\/strong><\/p>\n<p>Plaf\u00f3n LED circular blanco con altavoz oculto, dimable y funci\u00f3n de cambio de temperatura. F\u00c4RG ilumina tus momentos m\u00e1s divertidos gracias a su funci\u00f3n RGB que te permite cambiar de color para adecuarlo a cada ambiente. Gracias a su altavoz oculto podr\u00e1s reproducir tu m\u00fasica favorita y sorprender a tus invitados. Adem\u00e1s, la temperatura e intensidad de la luz estar\u00e1n bajo tu control mediante su mando a distancia o bien mediante la aplicaci\u00f3n en tu m\u00f3vil. \u00a1Da color a tus reuniones con F\u00c4RG !<\/p>\n<p><a href=\"https:\/\/www.regaluxiluminacion.com\/blog\/wp-content\/uploads\/2023\/06\/plafon-blanco-de-abs-y-metal-55cm-farg.jpg\"><img loading=\"lazy\" decoding=\"async\" class=\"aligncenter wp-image-749 size-full\" src=\"https:\/\/www.regaluxiluminacion.com\/blog\/wp-content\/uploads\/2023\/06\/plafon-blanco-de-abs-y-metal-55cm-farg.jpg\" alt=\"Tendencias en iluminaci\u00f3n decorativa\" width=\"800\" height=\"800\" srcset=\"https:\/\/www.regaluxiluminacion.com\/blog\/wp-content\/uploads\/2023\/06\/plafon-blanco-de-abs-y-metal-55cm-farg.jpg 800w, https:\/\/www.regaluxiluminacion.com\/blog\/wp-content\/uploads\/2023\/06\/plafon-blanco-de-abs-y-metal-55cm-farg-300x300.jpg 300w, https:\/\/www.regaluxiluminacion.com\/blog\/wp-content\/uploads\/2023\/06\/plafon-blanco-de-abs-y-metal-55cm-farg-100x100.jpg 100w, https:\/\/www.regaluxiluminacion.com\/blog\/wp-content\/uploads\/2023\/06\/plafon-blanco-de-abs-y-metal-55cm-farg-600x600.jpg 600w, https:\/\/www.regaluxiluminacion.com\/blog\/wp-content\/uploads\/2023\/06\/plafon-blanco-de-abs-y-metal-55cm-farg-150x150.jpg 150w, https:\/\/www.regaluxiluminacion.com\/blog\/wp-content\/uploads\/2023\/06\/plafon-blanco-de-abs-y-metal-55cm-farg-768x768.jpg 768w, https:\/\/www.regaluxiluminacion.com\/blog\/wp-content\/uploads\/2023\/06\/plafon-blanco-de-abs-y-metal-55cm-farg-440x440.jpg 440w\" sizes=\"(max-width: 800px) 100vw, 800px\" \/><\/a><\/p>\n<h4><strong>Madera natural<\/strong><\/h4>\n<p>La madera no lleva muchos a\u00f1os en el mundo de la iluminaci\u00f3n, pero ha aparecido pisando fuerte. Por ejemplo, en los estilos n\u00f3rdicos y japandi, la madera es un material que est\u00e1 muy presente por lo que las l\u00e1mparas de este tipo son perfectas para estos estilos decorativos.<\/p>\n<p><em><strong>COLGANTE ROCHA MADERA NATURAL 1 X 60W E-27<\/strong><\/em><\/p>\n<p>Incre\u00edble l\u00e1mpara de techo colgante hecha de madera, con un acabado en color madera natural. Ligera, original y sofisticada. Utiliza una bombilla E27 y su potencia m\u00e1x. es de 60w. Sus medidas (cm) son de 40x40x36.<\/p>\n<p><a href=\"https:\/\/www.regaluxiluminacion.com\/blog\/wp-content\/uploads\/2023\/06\/colgante-rocha-madera-natural-1-x-60w-e-27.jpg\"><img loading=\"lazy\" decoding=\"async\" class=\"aligncenter wp-image-748 size-full\" src=\"https:\/\/www.regaluxiluminacion.com\/blog\/wp-content\/uploads\/2023\/06\/colgante-rocha-madera-natural-1-x-60w-e-27.jpg\" alt=\"\" width=\"800\" height=\"800\" srcset=\"https:\/\/www.regaluxiluminacion.com\/blog\/wp-content\/uploads\/2023\/06\/colgante-rocha-madera-natural-1-x-60w-e-27.jpg 800w, https:\/\/www.regaluxiluminacion.com\/blog\/wp-content\/uploads\/2023\/06\/colgante-rocha-madera-natural-1-x-60w-e-27-300x300.jpg 300w, https:\/\/www.regaluxiluminacion.com\/blog\/wp-content\/uploads\/2023\/06\/colgante-rocha-madera-natural-1-x-60w-e-27-100x100.jpg 100w, https:\/\/www.regaluxiluminacion.com\/blog\/wp-content\/uploads\/2023\/06\/colgante-rocha-madera-natural-1-x-60w-e-27-600x600.jpg 600w, https:\/\/www.regaluxiluminacion.com\/blog\/wp-content\/uploads\/2023\/06\/colgante-rocha-madera-natural-1-x-60w-e-27-150x150.jpg 150w, https:\/\/www.regaluxiluminacion.com\/blog\/wp-content\/uploads\/2023\/06\/colgante-rocha-madera-natural-1-x-60w-e-27-768x768.jpg 768w, https:\/\/www.regaluxiluminacion.com\/blog\/wp-content\/uploads\/2023\/06\/colgante-rocha-madera-natural-1-x-60w-e-27-440x440.jpg 440w\" sizes=\"(max-width: 800px) 100vw, 800px\" \/><\/a><\/p>\n","protected":false},"excerpt":{"rendered":"<p>\u00bfEst\u00e1s pensando en renovar la iluminaci\u00f3n de tu hogar? Antes de que te pongas a ello, echa un vistazo a las \u00faltimas tendencias en iluminaci\u00f3n decorativa para que tu casa luzca moderna y con estilo. Tendencias en iluminaci\u00f3n decorativa Hoy en d\u00eda hay infinidad de opciones para iluminar un hogar. Adem\u00e1s, ya no solo se [&hellip;]<\/p>\n","protected":false},"author":2,"featured_media":747,"comment_status":"closed","ping_status":"closed","sticky":false,"template":"","format":"standard","meta":{"_et_pb_use_builder":"","_et_pb_old_content":"","_et_gb_content_width":"","_jetpack_memberships_contains_paid_content":false,"_joinchat":[],"footnotes":""},"categories":[1],"tags":[],"class_list":["post-746","post","type-post","status-publish","format-standard","has-post-thumbnail","hentry","category-iluminacion"],"jetpack_featured_media_url":"https:\/\/www.regaluxiluminacion.com\/blog\/wp-content\/uploads\/2023\/06\/plafon-de-tela-negro-40cm-moon.jpg","jetpack_sharing_enabled":true,"_links":{"self":[{"href":"https:\/\/www.regaluxiluminacion.com\/blog\/wp-json\/wp\/v2\/posts\/746","targetHints":{"allow":["GET"]}}],"collection":[{"href":"https:\/\/www.regaluxiluminacion.com\/blog\/wp-json\/wp\/v2\/posts"}],"about":[{"href":"https:\/\/www.regaluxiluminacion.com\/blog\/wp-json\/wp\/v2\/types\/post"}],"author":[{"embeddable":true,"href":"https:\/\/www.regaluxiluminacion.com\/blog\/wp-json\/wp\/v2\/users\/2"}],"replies":[{"embeddable":true,"href":"https:\/\/www.regaluxiluminacion.com\/blog\/wp-json\/wp\/v2\/comments?post=746"}],"version-history":[{"count":1,"href":"https:\/\/www.regaluxiluminacion.com\/blog\/wp-json\/wp\/v2\/posts\/746\/revisions"}],"predecessor-version":[{"id":752,"href":"https:\/\/www.regaluxiluminacion.com\/blog\/wp-json\/wp\/v2\/posts\/746\/revisions\/752"}],"wp:featuredmedia":[{"embeddable":true,"href":"https:\/\/www.regaluxiluminacion.com\/blog\/wp-json\/wp\/v2\/media\/747"}],"wp:attachment":[{"href":"https:\/\/www.regaluxiluminacion.com\/blog\/wp-json\/wp\/v2\/media?parent=746"}],"wp:term":[{"taxonomy":"category","embeddable":true,"href":"https:\/\/www.regaluxiluminacion.com\/blog\/wp-json\/wp\/v2\/categories?post=746"},{"taxonomy":"post_tag","embeddable":true,"href":"https:\/\/www.regaluxiluminacion.com\/blog\/wp-json\/wp\/v2\/tags?post=746"}],"curies":[{"name":"wp","href":"https:\/\/api.w.org\/{rel}","templated":true}]}}